{"id":103,"date":"2014-04-30T13:47:21","date_gmt":"2014-04-30T12:47:21","guid":{"rendered":"http:\/\/www.uaba-opatija.hr\/?p=103"},"modified":"2014-08-13T21:26:45","modified_gmt":"2014-08-13T20:26:45","slug":"komemoracija-jama-icici","status":"publish","type":"post","link":"http:\/\/www.uaba-opatija.hr\/index.php\/komemoracija-jama-icici\/","title":{"rendered":"KOMEMORACIJA JAMA I\u010cI\u0106I"},"content":{"rendered":"<figure style=\"width: 244px\" class=\"wp-caption alignleft\"><img loading=\"lazy\" decoding=\"async\" src=\"https:\/\/farm8.staticflickr.com\/7197\/14070222152_55a428d234_z_d.jpg\" alt=\"\" width=\"244\" height=\"162\" \/><figcaption class=\"wp-caption-text\">Komemoracija u I\u010di\u0107ima<\/figcaption><\/figure>\n<p><span lang=\"HR\">Tradicionalnom komemoracijom u Spomen-parku kraj Jame u I\u010di\u0107ima obilje\u017een je stravi\u010dan zlo\u010din otprije 69 godina. Samo nekoliko dana prije zavr\u0161etka Drugog svjetskog rata, 24. travnja 1945. godine, na tome je mjestu \u017eivote izgubilo 37 mladih ljudi iz liburnijskog i primorskog kraja, koje su nacisti odveli iz rije\u010dkog zatvora i streljali pred kr\u0161kom jamom. <\/span><\/p>\n<p><span lang=\"HR\">&#8211; Pro\u0161le smo godine inaugurirali ovaj lijepi perivoj; osposobili smo ga da no\u0107u prekrasno izgleda. Opatijski gimnazijalci kojima se opravdano di\u010dimo, pri\u010du o Jami I\u010di\u0107i su istra\u017eivali kao jedno poglavlje evropskog projekta Moj zavi\u010daj kroz vrijeme u kojem su sudjelovali. A ve\u0107 su zapo\u010dele i pripreme za komemoraciju sedamdesete jubilarne godi\u0161njice i\u010di\u0107anskog zlo\u010dina, sljede\u0107e godine. Sa svim time smo si na odre\u0111eni na\u010din pribli\u017eili sagu o Jami I\u010di\u0107i i poniknuli u vlastite du\u0161e. Ponovno se<\/span><!--more--><\/p>\n<figure style=\"width: 286px\" class=\"wp-caption alignright\"><img loading=\"lazy\" decoding=\"async\" src=\"https:\/\/farm8.staticflickr.com\/7375\/14093437763_b4ee21922e_z_d.jpg\" alt=\"\" width=\"286\" height=\"215\" \/><figcaption class=\"wp-caption-text\">Po\u010dast poginulima<\/figcaption><\/figure>\n<p><span lang=\"HR\">prisje\u0107aju\u0107i njihove \u017ertve i odaju\u0107i im iskrenu i bezrezervnu po\u0161tu postali smo i sami \u2013 bolji, kazao je v.d.predsjednik\u00a0 na\u0161e Udruge Oleg Mandi\u0107, koji je u dru\u0161tvu gradona\u010delnika Opatije Ive Dujmi\u0107a postavio vijence na spomenik kraj ulaza u jamu. <\/span><\/p>\n<p><span lang=\"HR\">U programu su sudjelovali i opatijski gimnazijalci koji su predstavili rezultat svoga rada u projektu \u201dMoj zavi\u010daj kroz vrijeme\u201d, u sklopu kojega su istra\u017eivali i zlo\u010din kraj i\u010di\u0107anske Jame, Klapa Opatija, te opatijska pjesnikinja Marina \u010cesen koja je pro\u010ditala prigodne stihove sastavljene u spomen na \u017ertve.<\/span><\/p>\n<p style=\"text-align: center;\">\u00a0<!-- Awesome Flickr Gallery Start --><!-- - Version - 3.5.6 - User ID - 101598051@N08 - Photoset ID - 72157644032102730 - Gallery ID -  - Group ID -  - Tags -  - Popular -  - Per Page - 10 - Sort Order - flickr - Photo Size - _m - Custom Size - 0 - Square - false - Captions - off - Description - off - Columns - 2 - Credit Note - off - Background Color - Transparent - Width - auto - Pagination - on - Slideshow - colorbox - Disable slideshow? - --><div class='afg-gallery custom-gallery-4' id='afg-4' style='background-color:Transparent; width:100%; color:; border-color:Transparent;'><div class='afg-table' style='width:100%'><div class='afg-row'><div class='afg-cell' style='width:50%;'><a class='afgcolorbox' rel='example44'  href='https:\/\/farm6.static.flickr.com\/5335\/14073373885_475a7dc2ba_z.jpg' title='jama_icici_2014-2-300x198'><img class='afg-img' title='jama_icici_2014-2-300x198' src='https:\/\/farm6.static.flickr.com\/5335\/14073373885_475a7dc2ba_m.jpg' alt='jama_icici_2014-2-300x198 \u2022 &lt;a style=&quot;font-size:0.8em;&quot; href=&quot;http:\/\/www.flickr.com\/photos\/101598051@N08\/14073373885\/&quot; target=&quot;_blank&quot;&gt;View on Flickr&lt;\/a&gt;'\/><\/a><\/div><div class='afg-cell' style='width:50%;'><a class='afgcolorbox' rel='example44'  href='https:\/\/farm8.static.flickr.com\/7197\/14070222152_55a428d234_z.jpg' title='jama_icici_2014-1'><img class='afg-img' title='jama_icici_2014-1' src='https:\/\/farm8.static.flickr.com\/7197\/14070222152_55a428d234_m.jpg' alt='jama_icici_2014-1 \u2022 &lt;a style=&quot;font-size:0.8em;&quot; href=&quot;http:\/\/www.flickr.com\/photos\/101598051@N08\/14070222152\/&quot; target=&quot;_blank&quot;&gt;View on Flickr&lt;\/a&gt;'\/><\/a><\/div><\/div><div class='afg-row'><div class='afg-cell' style='width:50%;'><a class='afgcolorbox' rel='example44'  href='https:\/\/farm8.static.flickr.com\/7347\/14073374335_8d0942b55a_z.jpg' title='IMGP6751'><img class='afg-img' title='IMGP6751' src='https:\/\/farm8.static.flickr.com\/7347\/14073374335_8d0942b55a_m.jpg' alt='IMGP6751 \u2022 &lt;a style=&quot;font-size:0.8em;&quot; href=&quot;http:\/\/www.flickr.com\/photos\/101598051@N08\/14073374335\/&quot; target=&quot;_blank&quot;&gt;View on Flickr&lt;\/a&gt;'\/><\/a><\/div><div class='afg-cell' style='width:50%;'><a class='afgcolorbox' rel='example44'  href='https:\/\/farm3.static.flickr.com\/2909\/14073374505_f5ddb96c62_z.jpg' title='IMGP6752'><img class='afg-img' title='IMGP6752' src='https:\/\/farm3.static.flickr.com\/2909\/14073374505_f5ddb96c62_m.jpg' alt='IMGP6752 \u2022 &lt;a style=&quot;font-size:0.8em;&quot; href=&quot;http:\/\/www.flickr.com\/photos\/101598051@N08\/14073374505\/&quot; target=&quot;_blank&quot;&gt;View on Flickr&lt;\/a&gt;'\/><\/a><\/div><\/div><div class='afg-row'><div class='afg-cell' style='width:50%;'><a class='afgcolorbox' rel='example44'  href='https:\/\/farm8.static.flickr.com\/7338\/14050269586_44c1a5cecd_z.jpg' title='IMGP6753'><img class='afg-img' title='IMGP6753' src='https:\/\/farm8.static.flickr.com\/7338\/14050269586_44c1a5cecd_m.jpg' alt='IMGP6753 \u2022 &lt;a style=&quot;font-size:0.8em;&quot; href=&quot;http:\/\/www.flickr.com\/photos\/101598051@N08\/14050269586\/&quot; target=&quot;_blank&quot;&gt;View on Flickr&lt;\/a&gt;'\/><\/a><\/div><div class='afg-cell' style='width:50%;'><a class='afgcolorbox' rel='example44'  href='https:\/\/farm8.static.flickr.com\/7438\/13886779678_75c15ca02f_z.jpg' title='IMGP6754'><img class='afg-img' title='IMGP6754' src='https:\/\/farm8.static.flickr.com\/7438\/13886779678_75c15ca02f_m.jpg' alt='IMGP6754 \u2022 &lt;a style=&quot;font-size:0.8em;&quot; href=&quot;http:\/\/www.flickr.com\/photos\/101598051@N08\/13886779678\/&quot; target=&quot;_blank&quot;&gt;View on Flickr&lt;\/a&gt;'\/><\/a><\/div><\/div><div class='afg-row'><div class='afg-cell' style='width:50%;'><a class='afgcolorbox' rel='example44'  href='https:\/\/farm8.static.flickr.com\/7352\/13886779848_c81f7a0e2d_z.jpg' title='IMGP6755'><img class='afg-img' title='IMGP6755' src='https:\/\/farm8.static.flickr.com\/7352\/13886779848_c81f7a0e2d_m.jpg' alt='IMGP6755 \u2022 &lt;a style=&quot;font-size:0.8em;&quot; href=&quot;http:\/\/www.flickr.com\/photos\/101598051@N08\/13886779848\/&quot; target=&quot;_blank&quot;&gt;View on Flickr&lt;\/a&gt;'\/><\/a><\/div><div class='afg-cell' style='width:50%;'><a class='afgcolorbox' rel='example44'  href='https:\/\/farm8.static.flickr.com\/7296\/14070186651_6b9b6ffa05_z.jpg' title='IMGP6758'><img class='afg-img' title='IMGP6758' src='https:\/\/farm8.static.flickr.com\/7296\/14070186651_6b9b6ffa05_m.jpg' alt='IMGP6758 \u2022 &lt;a style=&quot;font-size:0.8em;&quot; href=&quot;http:\/\/www.flickr.com\/photos\/101598051@N08\/14070186651\/&quot; target=&quot;_blank&quot;&gt;View on Flickr&lt;\/a&gt;'\/><\/a><\/div><\/div><div class='afg-row'><div class='afg-cell' style='width:50%;'><a class='afgcolorbox' rel='example44'  href='https:\/\/farm8.static.flickr.com\/7455\/14073853674_97e1b6321c_z.jpg' title='IMGP6759'><img class='afg-img' title='IMGP6759' src='https:\/\/farm8.static.flickr.com\/7455\/14073853674_97e1b6321c_m.jpg' alt='IMGP6759 \u2022 &lt;a style=&quot;font-size:0.8em;&quot; href=&quot;http:\/\/www.flickr.com\/photos\/101598051@N08\/14073853674\/&quot; target=&quot;_blank&quot;&gt;View on Flickr&lt;\/a&gt;'\/><\/a><\/div><div class='afg-cell' style='width:50%;'><a class='afgcolorbox' rel='example44'  href='https:\/\/farm6.static.flickr.com\/5274\/14050270776_51a28fc56d_z.jpg' title='IMGP6763'><img class='afg-img' title='IMGP6763' src='https:\/\/farm6.static.flickr.com\/5274\/14050270776_51a28fc56d_m.jpg' alt='IMGP6763 \u2022 &lt;a style=&quot;font-size:0.8em;&quot; href=&quot;http:\/\/www.flickr.com\/photos\/101598051@N08\/14050270776\/&quot; target=&quot;_blank&quot;&gt;View on Flickr&lt;\/a&gt;'\/><\/a><\/div><\/div><div class='afg-row'><a style='display:none' class='afgcolorbox' rel='example44'  href='https:\/\/farm8.static.flickr.com\/7375\/14093437763_b4ee21922e_z.jpg' title='IMGP6765'> <img class='afg-img' alt='IMGP6765 \u2022 &lt;a style=&quot;font-size:0.8em;&quot; href=&quot;http:\/\/www.flickr.com\/photos\/101598051@N08\/14093437763\/&quot; target=&quot;_blank&quot;&gt;View on Flickr&lt;\/a&gt;'  width='75' height='75'><\/a> <\/div><\/div><div class='afg-pagination'><br \/><br \/><font class='afg-page'>&nbsp;&#171; prev&nbsp;<\/font>&nbsp;&nbsp;&nbsp;&nbsp;<font class='afg-cur-page'> 1 <\/font>&nbsp;<a class='afg-page' href='http:\/\/www.uaba-opatija.hr\/index.php\/wp-json\/wp\/v2\/posts\/103?afg4_page_id=2#afg-4' title='Page 2'>&nbsp;2 <\/a>&nbsp;&nbsp;&nbsp;&nbsp;<a class='afg-page' href='http:\/\/www.uaba-opatija.hr\/index.php\/wp-json\/wp\/v2\/posts\/103?afg4_page_id=2#afg-4' title='Next Page'> next &#187; <\/a>&nbsp;<br \/>(11 Photos)<\/div><\/div><!-- Awesome Flickr Gallery End --><\/p>\n","protected":false},"excerpt":{"rendered":"<p>Tradicionalnom komemoracijom u Spomen-parku kraj Jame u I\u010di\u0107ima obilje\u017een je stravi\u010dan zlo\u010din otprije 69 godina. Samo nekoliko dana prije zavr\u0161etka Drugog svjetskog rata, 24. travnja 1945. godine, na tome je mjestu \u017eivote izgubilo 37 mladih ljudi iz liburnijskog i primorskog kraja, koje su nacisti odveli iz rije\u010dkog zatvora i streljali pred kr\u0161kom jamom. &#8211; Pro\u0161le &hellip; <\/p>\n<p class=\"link-more\"><a href=\"http:\/\/www.uaba-opatija.hr\/index.php\/komemoracija-jama-icici\/\" class=\"more-link\">Nastavi \u010ditati<span class=\"screen-reader-text\"> &#8220;KOMEMORACIJA JAMA I\u010cI\u0106I&#8221;<\/span><\/a><\/p>\n","protected":false},"author":1,"featured_media":0,"comment_status":"closed","ping_status":"open","sticky":false,"template":"","format":"standard","meta":{"_monsterinsights_skip_tracking":false,"_monsterinsights_sitenote_active":false,"_monsterinsights_sitenote_note":"","_monsterinsights_sitenote_category":0,"footnotes":""},"categories":[9,3],"tags":[],"class_list":["post-103","post","type-post","status-publish","format-standard","hentry","category-galerija-foto","category-novosti"],"_links":{"self":[{"href":"http:\/\/www.uaba-opatija.hr\/index.php\/wp-json\/wp\/v2\/posts\/103","targetHints":{"allow":["GET"]}}],"collection":[{"href":"http:\/\/www.uaba-opatija.hr\/index.php\/wp-json\/wp\/v2\/posts"}],"about":[{"href":"http:\/\/www.uaba-opatija.hr\/index.php\/wp-json\/wp\/v2\/types\/post"}],"author":[{"embeddable":true,"href":"http:\/\/www.uaba-opatija.hr\/index.php\/wp-json\/wp\/v2\/users\/1"}],"replies":[{"embeddable":true,"href":"http:\/\/www.uaba-opatija.hr\/index.php\/wp-json\/wp\/v2\/comments?post=103"}],"version-history":[{"count":3,"href":"http:\/\/www.uaba-opatija.hr\/index.php\/wp-json\/wp\/v2\/posts\/103\/revisions"}],"predecessor-version":[{"id":186,"href":"http:\/\/www.uaba-opatija.hr\/index.php\/wp-json\/wp\/v2\/posts\/103\/revisions\/186"}],"wp:attachment":[{"href":"http:\/\/www.uaba-opatija.hr\/index.php\/wp-json\/wp\/v2\/media?parent=103"}],"wp:term":[{"taxonomy":"category","embeddable":true,"href":"http:\/\/www.uaba-opatija.hr\/index.php\/wp-json\/wp\/v2\/categories?post=103"},{"taxonomy":"post_tag","embeddable":true,"href":"http:\/\/www.uaba-opatija.hr\/index.php\/wp-json\/wp\/v2\/tags?post=103"}],"curies":[{"name":"wp","href":"https:\/\/api.w.org\/{rel}","templated":true}]}}