{"id":130,"date":"2014-05-15T00:12:33","date_gmt":"2014-05-14T23:12:33","guid":{"rendered":"http:\/\/www.uaba-opatija.hr\/?p=130"},"modified":"2014-05-15T00:14:15","modified_gmt":"2014-05-14T23:14:15","slug":"posjet-pulskih-antifasista","status":"publish","type":"post","link":"http:\/\/www.uaba-opatija.hr\/index.php\/posjet-pulskih-antifasista\/","title":{"rendered":"POSJET PULSKIH ANTIFA\u0160ISTA"},"content":{"rendered":"<figure style=\"width: 634px\" class=\"wp-caption aligncenter\"><img loading=\"lazy\" decoding=\"async\" src=\"https:\/\/farm3.staticflickr.com\/2910\/14208086123_63e9437b5d_z_d.jpg\" alt=\"\" width=\"634\" height=\"475\" \/><figcaption class=\"wp-caption-text\">Posjet iz Pule<\/figcaption><\/figure>\n<p>&nbsp;<\/p>\n<p>Ju\u010der su \u010dlanovi opatijske UABA-e doma\u0107inski \u00a0pozdravili antifa\u0161iste iz Pule, njih 44 koji su autobusom posjetili Lipu i Opatiju. Poslije ru\u010dka i \u0161etnje lungomarem, u <em>Spomen parku Jama I\u010di\u0107i<\/em> odr\u017ean je svojevrstan susret sa povije\u0161\u0107u, koji je zavr\u0161io suzama i polaganjem cvije\u0107a i svije\u0107e na spomenik.<\/p>\n<p><img loading=\"lazy\" decoding=\"async\" class=\"alignnone\" src=\"https:\/\/farm3.staticflickr.com\/2930\/14185365862_61e9fbf062_m_d.jpg\" alt=\"\" width=\"240\" height=\"180\" \/>\u00a0 \u00a0<img loading=\"lazy\" decoding=\"async\" class=\"alignnone\" src=\"https:\/\/farm8.staticflickr.com\/7407\/14001301990_9710ed83f8_m_d.jpg\" alt=\"\" width=\"240\" height=\"180\" \/>\u00a0 \u00a0<img loading=\"lazy\" decoding=\"async\" class=\"alignnone\" src=\"https:\/\/farm6.staticflickr.com\/5074\/14164796056_fe08b2e5fc_m_d.jpg\" alt=\"\" width=\"240\" height=\"180\" \/>\u00a0 \u00a0<img loading=\"lazy\" decoding=\"async\" class=\"alignnone\" src=\"https:\/\/farm8.staticflickr.com\/7424\/14187915994_0554b16596_m_d.jpg\" alt=\"\" width=\"240\" height=\"180\" \/>\u00a0 \u00a0<img loading=\"lazy\" decoding=\"async\" class=\"alignnone\" src=\"https:\/\/farm8.staticflickr.com\/7424\/14187915994_0554b16596_m_d.jpg\" alt=\"\" width=\"240\" height=\"180\" \/><\/p>\n","protected":false},"excerpt":{"rendered":"<p>&nbsp; Ju\u010der su \u010dlanovi opatijske UABA-e doma\u0107inski \u00a0pozdravili antifa\u0161iste iz Pule, njih 44 koji su autobusom posjetili Lipu i Opatiju. Poslije ru\u010dka i \u0161etnje lungomarem, u Spomen parku Jama I\u010di\u0107i odr\u017ean je svojevrstan susret sa povije\u0161\u0107u, koji je zavr\u0161io suzama i polaganjem cvije\u0107a i svije\u0107e na spomenik. \u00a0 \u00a0\u00a0 \u00a0\u00a0 \u00a0\u00a0 \u00a0<\/p>\n","protected":false},"author":1,"featured_media":0,"comment_status":"closed","ping_status":"open","sticky":false,"template":"","format":"standard","meta":{"_monsterinsights_skip_tracking":false,"_monsterinsights_sitenote_active":false,"_monsterinsights_sitenote_note":"","_monsterinsights_sitenote_category":0,"footnotes":""},"categories":[5,3],"tags":[],"class_list":["post-130","post","type-post","status-publish","format-standard","hentry","category-aktivnosti-izleti","category-novosti"],"_links":{"self":[{"href":"http:\/\/www.uaba-opatija.hr\/index.php\/wp-json\/wp\/v2\/posts\/130","targetHints":{"allow":["GET"]}}],"collection":[{"href":"http:\/\/www.uaba-opatija.hr\/index.php\/wp-json\/wp\/v2\/posts"}],"about":[{"href":"http:\/\/www.uaba-opatija.hr\/index.php\/wp-json\/wp\/v2\/types\/post"}],"author":[{"embeddable":true,"href":"http:\/\/www.uaba-opatija.hr\/index.php\/wp-json\/wp\/v2\/users\/1"}],"replies":[{"embeddable":true,"href":"http:\/\/www.uaba-opatija.hr\/index.php\/wp-json\/wp\/v2\/comments?post=130"}],"version-history":[{"count":5,"href":"http:\/\/www.uaba-opatija.hr\/index.php\/wp-json\/wp\/v2\/posts\/130\/revisions"}],"predecessor-version":[{"id":135,"href":"http:\/\/www.uaba-opatija.hr\/index.php\/wp-json\/wp\/v2\/posts\/130\/revisions\/135"}],"wp:attachment":[{"href":"http:\/\/www.uaba-opatija.hr\/index.php\/wp-json\/wp\/v2\/media?parent=130"}],"wp:term":[{"taxonomy":"category","embeddable":true,"href":"http:\/\/www.uaba-opatija.hr\/index.php\/wp-json\/wp\/v2\/categories?post=130"},{"taxonomy":"post_tag","embeddable":true,"href":"http:\/\/www.uaba-opatija.hr\/index.php\/wp-json\/wp\/v2\/tags?post=130"}],"curies":[{"name":"wp","href":"https:\/\/api.w.org\/{rel}","templated":true}]}}