{"id":147,"date":"2014-06-06T16:25:45","date_gmt":"2014-06-06T15:25:45","guid":{"rendered":"http:\/\/www.uaba-opatija.hr\/?p=147"},"modified":"2014-08-13T21:25:17","modified_gmt":"2014-08-13T20:25:17","slug":"ljetni-kamp-za-mlade","status":"publish","type":"post","link":"http:\/\/www.uaba-opatija.hr\/index.php\/ljetni-kamp-za-mlade\/","title":{"rendered":"Ljetni kamp za mlade"},"content":{"rendered":"<p>Opatijska udruga antifa\u0161ista (UABA) u\u010destvuje u organizaciji Ljetnog kampa za mlade, \u0161to ga je osmislio SAB RH. Kamp pod nazivom <em>Ljetna \u0161kola mira <\/em>odr\u017eat \u0107e se u Odmarali\u0161tu mladih Veli Jo\u017ee smje\u0161teno uz more u Savudriji u 3 smjene:<\/p>\n<p>Prva \u2013 29. lipnja do 6. srpnja,<\/p>\n<p>Druga \u2013 6. srpnja do 13. srpnja,<\/p>\n<p>Tre\u0107a \u2013 13. srpnja do 20. srpnja.<\/p>\n<p>Ciljana skupina potencijalnih\u00a0 polaznika su <strong>srednjo\u0161kolci i studenti<\/strong> ne stariji od 23 godine. Boravak (smje\u0161taj i prehrana) su besplatni, a tro\u0161kove dolaska i odlaska snose sami sudionici.<!--more--><\/p>\n<p>Nastava po programu \u0107e se odvijati izme\u0111u doru\u010dka i ru\u010dka (9:00-12:30) a ostatak dana je namjenjen dru\u017eenju te kulturnim i sportskim sadr\u017eajima.<\/p>\n<p>Teme koje \u0107e biti prezentirane u obrazovnom dijelu su Drugi svjetski rat, NOB, Totalitarizam i Holokaust, Antifa\u0161izam\u00a0 (povijest, zna\u010denje, uzroci i posljedice), Radikalizmi i Ekstremizmi danas, Devalvacija Etike i Morala. Prezentacija tema je povjerena osobama poznatim u svojim podru\u010djima: prof.dr.Hrvoje Klasi\u0107, Neven \u0160anti\u0107, Tomislav Ravni\u0107, Igor Jovanovi\u0107, Tatjana Mateti\u0107, Lili Host, Oleg Mandi\u0107 i dr.<\/p>\n<p><strong>Pozivamo sve zainteresirane da se prijave<\/strong> u Udruzi (vidi rubriku Kontakti), na mobitel\u00a0 091.2537263 ili na e-mail\u00a0 <a href=\"mailto:oleg.mandic@ri.t-com.hr\">oleg.mandic@ri.t-com.hr<\/a>.<\/p>\n","protected":false},"excerpt":{"rendered":"<p>Opatijska udruga antifa\u0161ista (UABA) u\u010destvuje u organizaciji Ljetnog kampa za mlade, \u0161to ga je osmislio SAB RH. Kamp pod nazivom Ljetna \u0161kola mira odr\u017eat \u0107e se u Odmarali\u0161tu mladih Veli Jo\u017ee smje\u0161teno uz more u Savudriji u 3 smjene: Prva \u2013 29. lipnja do 6. srpnja, Druga \u2013 6. srpnja do 13. srpnja, Tre\u0107a \u2013 &hellip; <\/p>\n<p class=\"link-more\"><a href=\"http:\/\/www.uaba-opatija.hr\/index.php\/ljetni-kamp-za-mlade\/\" class=\"more-link\">Nastavi \u010ditati<span class=\"screen-reader-text\"> &#8220;Ljetni kamp za mlade&#8221;<\/span><\/a><\/p>\n","protected":false},"author":1,"featured_media":0,"comment_status":"closed","ping_status":"open","sticky":false,"template":"","format":"standard","meta":{"_monsterinsights_skip_tracking":false,"_monsterinsights_sitenote_active":false,"_monsterinsights_sitenote_note":"","_monsterinsights_sitenote_category":0,"footnotes":""},"categories":[4,3],"tags":[],"class_list":["post-147","post","type-post","status-publish","format-standard","hentry","category-aktivnosti-najave","category-novosti"],"_links":{"self":[{"href":"http:\/\/www.uaba-opatija.hr\/index.php\/wp-json\/wp\/v2\/posts\/147","targetHints":{"allow":["GET"]}}],"collection":[{"href":"http:\/\/www.uaba-opatija.hr\/index.php\/wp-json\/wp\/v2\/posts"}],"about":[{"href":"http:\/\/www.uaba-opatija.hr\/index.php\/wp-json\/wp\/v2\/types\/post"}],"author":[{"embeddable":true,"href":"http:\/\/www.uaba-opatija.hr\/index.php\/wp-json\/wp\/v2\/users\/1"}],"replies":[{"embeddable":true,"href":"http:\/\/www.uaba-opatija.hr\/index.php\/wp-json\/wp\/v2\/comments?post=147"}],"version-history":[{"count":2,"href":"http:\/\/www.uaba-opatija.hr\/index.php\/wp-json\/wp\/v2\/posts\/147\/revisions"}],"predecessor-version":[{"id":182,"href":"http:\/\/www.uaba-opatija.hr\/index.php\/wp-json\/wp\/v2\/posts\/147\/revisions\/182"}],"wp:attachment":[{"href":"http:\/\/www.uaba-opatija.hr\/index.php\/wp-json\/wp\/v2\/media?parent=147"}],"wp:term":[{"taxonomy":"category","embeddable":true,"href":"http:\/\/www.uaba-opatija.hr\/index.php\/wp-json\/wp\/v2\/categories?post=147"},{"taxonomy":"post_tag","embeddable":true,"href":"http:\/\/www.uaba-opatija.hr\/index.php\/wp-json\/wp\/v2\/tags?post=147"}],"curies":[{"name":"wp","href":"https:\/\/api.w.org\/{rel}","templated":true}]}}