{"id":156,"date":"2014-07-12T22:32:15","date_gmt":"2014-07-12T21:32:15","guid":{"rendered":"http:\/\/www.uaba-opatija.hr\/?p=156"},"modified":"2014-08-13T21:23:06","modified_gmt":"2014-08-13T20:23:06","slug":"impresije-s-posjeta-auschwitzu","status":"publish","type":"post","link":"http:\/\/www.uaba-opatija.hr\/index.php\/impresije-s-posjeta-auschwitzu\/","title":{"rendered":"Impresije s posjeta Auschwitzu"},"content":{"rendered":"<p>U organizaciji UABA Grada Opatije organiziran je posjet logoru Auschwitz. Na objavljeni program u trajanju od 3 dana(27.-29.6.) prijavilo se 28 \u010dlanova\u00a0 iz UABA Grada Opatije i 19 \u010dlanova UABA Liburnije.<\/p>\n<figure style=\"width: 240px\" class=\"wp-caption alignleft\"><img loading=\"lazy\" decoding=\"async\" src=\"https:\/\/farm3.staticflickr.com\/2901\/14459965227_fea33e8771_m.jpg\" alt=\"\" width=\"240\" height=\"135\" \/><figcaption class=\"wp-caption-text\">Zajedni\u010dka fotografija<\/figcaption><\/figure>\n<p>Putovanje je zapo\u010deto u ranim jutarnjim satima, ali uz dobro raspolo\u017eenje \u010dlanova unato\u010d saznanju da \u0107e putovanje trajati cijeli dan. Tijekom putovanja nekoliko puta smo napravili pauze i oko 21 sat stigli u Krakow. Bili smo smje\u0161teni u hotelu 4* i bilo je vrlo lijepo.<\/p>\n<p>Sljede\u0107e jutro nakon doru\u010dka uputili smo se u Auschwitz.<!--more--><\/p>\n<p>Do\u010dekao nas je na\u0161 vodi\u010d, gospodin Ryszard koji radi u Muzeju Auschwitz: Poljak je a izvrsno govori hrvatski.<\/p>\n<p>Svojom pri\u010dom i svim onim \u0161to smo vidjeli pribli\u017eio nam je dane kada su u logoru bili zatvorenici. Hodali smo po istim stepenicama po kojima se \u010duo odjek njema\u010dkih cokula i pra\u0161njavom cestom gdje su hodali logora\u0161i. Vidjeli smo na\u010din na koji je velika sila izra\u017eavala mo\u0107 nad bespomo\u0107nim podanicima.<\/p>\n<figure style=\"width: 240px\" class=\"wp-caption alignleft\"><img loading=\"lazy\" decoding=\"async\" src=\"https:\/\/farm6.staticflickr.com\/5483\/14459769889_dbe21df9a6_m.jpg\" alt=\"\" width=\"240\" height=\"160\" \/><figcaption class=\"wp-caption-text\">Detalj s obilaska Auschwitza<\/figcaption><\/figure>\n<p>Tjeskoba, tuga, nemo\u0107 i jad prevladali su na\u0161im osje\u0107ajima i osjetili smo kako se gubi i psihi\u010dka snaga u ovakvim uvjetima. Nao\u010dale, cipele, \u010de\u0161ljevi, koferi, kosa jadnih ljudi \u010dija je sudbina bila zape\u010da\u0107ena u logoru ostavljaju \u010dovjeka bez daha i ne mo\u017ee se vjerovati da \u010dovjek \u010dovjeku mo\u017ee nanositi toliko zlo.<\/p>\n<p>A sve je bilo dogovoreno za 90 minuta na sastanku u dvorcu Wahnsee gdje je donesena odluka o &#8220;kona\u010dnom rje\u0161enju \u017eidovskog pitanja&#8221;.<\/p>\n<p>Ciklon B &#8230;.njega su pu\u0161tali kroz tu\u0161eve iz kojih su \u00a0\u017ertve o\u010dekivale toplu vodu. Umjesto vode do\u0161ao bi plin koji je za 20 minuta ubijao 1000 ljudi. A mo\u017eemo si samo zamisliti koje muke su pro\u017eivljavali ljudi dok SS-ovci jo\u0161 nisu znali koja je koli\u010dina ciklona B \u00a0potrebna da bi se ubilo odre\u0111eni \u00a0broj ljudi nego su eksperimentirali a ljudi su umirali u o\u010dajnim bolovima.<\/p>\n<p>Velike vru\u0107ine i \u017eestoke hladno\u0107e odlika su klime koja tamo, u \u0160leziji, \u00a0vlada: \u00a0\u00a0izgladnjeli ljudi, slabo obu\u010deni, \u017eedni i bolesni padali su kao poko\u0161eni.<\/p>\n<p>Stra\u0161no! Tuga i suze obuzimali su nas &#8211; posjetioce.<\/p>\n<p>U logoru je ubijeno oko 1.100 000,00 \u017didova, zatim Roma, Slavena.<\/p>\n<p>To je bio logor u koji su SS po\u010deli dovoditi najprvo Nijemce koji su bolovali od genetskih boljki, ili bili umobolni, jer su htjeli o\u010distiti vlastitu rasu od takvih \u201edefektnih\u201c ljudi. Nakon toga su dovodili politi\u010dki zatvorenike da bi onda kona\u010dno krenuli sa \u017didovima, Romima, Slavenima. Treba znati da su im u po\u010detku dopu\u0161tali da ponesu 25 kg najnu\u017enijih stvari da bi nakon nekoliko mjeseci i to smanjili na 15 kg jer su na taj na\u010din mogli ponijeti samo novac i zlato &#8211; ono \u0161to je njih najvi\u0161e zanimalo.<\/p>\n<p>Te subote, kao i svih ostalih dana u godini, tisu\u0107e ljudi bilo je tada u Muzeju i to sa svih strana: Englezi, Nijemci, \u0160panjolci, Kinezi, Japanci, ve\u0107inom mladi, a svi su se do\u0161li pokloniti sjenama umrlih uznika.<\/p>\n<p>U autobusu je bilo ljudi \u010diji su \u010dlanovi obitelji pre\u017eivjeli logor i vrlo te\u0161ko o tome govore.<\/p>\n<p>Nakon posjeta Muzeju Auschwitz I i zastra\u0161uju\u0107ih prostranstava Birkenaua oti\u0161li smo u razgled Krakowa, grada u kojem je pisana povijest Poljske. Uz stru\u010dno vodstvo vidjeli smo predivnu tvr\u0111avu Wavel, najve\u0107i trg u Europi Kaszimirsz, \u017didovski geto, Schindlerovu tvornicu i puno zna\u010dajnih mjesta.<\/p>\n<p>Zadnji dan nakon doru\u010dka krenuli smo prema Bratislavi. Tamo nas je do\u010dekao vodi\u010d uz koga smo spoznali pri\u010du o Slova\u010dkoj i njenim bogatstvima.<\/p>\n<p>Nastavili smo put prema ku\u0107i i uz lijepo dru\u017eenje sretno stigli svom domu.<\/p>\n<p>Upravo su ovakva putovanja va\u017ena za dru\u017eenje i upoznavanje povijesnih doga\u0111aja ali kroz to i za upoznavanje samih ljudi kao i za daljnje preno\u0161enje ideja antifa\u0161izma.<\/p>\n<p>Posebno se zahvaljujemo UABA Grada Opatije, UABA Liburnije i SABA PG\u017d, koji su nam omogu\u0107ili da realiziramo ovaj jedinstveni posjet Auschwitzu.<\/p>\n<p>Zahvaljujemo svim \u010dlanovima koji su bili na ovom dugom putu a naro\u010dito smo ponosni na na\u0161ih 11 mladih ljudi (17-35 godina) koji su bili dio ekipe i s velikom pa\u017enjom pratili program.<\/p>\n","protected":false},"excerpt":{"rendered":"<p>U organizaciji UABA Grada Opatije organiziran je posjet logoru Auschwitz. Na objavljeni program u trajanju od 3 dana(27.-29.6.) prijavilo se 28 \u010dlanova\u00a0 iz UABA Grada Opatije i 19 \u010dlanova UABA Liburnije. Putovanje je zapo\u010deto u ranim jutarnjim satima, ali uz dobro raspolo\u017eenje \u010dlanova unato\u010d saznanju da \u0107e putovanje trajati cijeli dan. Tijekom putovanja nekoliko puta &hellip; <\/p>\n<p class=\"link-more\"><a href=\"http:\/\/www.uaba-opatija.hr\/index.php\/impresije-s-posjeta-auschwitzu\/\" class=\"more-link\">Nastavi \u010ditati<span class=\"screen-reader-text\"> &#8220;Impresije s posjeta Auschwitzu&#8221;<\/span><\/a><\/p>\n","protected":false},"author":1,"featured_media":0,"comment_status":"closed","ping_status":"open","sticky":false,"template":"","format":"standard","meta":{"_monsterinsights_skip_tracking":false,"_monsterinsights_sitenote_active":false,"_monsterinsights_sitenote_note":"","_monsterinsights_sitenote_category":0,"footnotes":""},"categories":[5,3],"tags":[],"class_list":["post-156","post","type-post","status-publish","format-standard","hentry","category-aktivnosti-izleti","category-novosti"],"_links":{"self":[{"href":"http:\/\/www.uaba-opatija.hr\/index.php\/wp-json\/wp\/v2\/posts\/156","targetHints":{"allow":["GET"]}}],"collection":[{"href":"http:\/\/www.uaba-opatija.hr\/index.php\/wp-json\/wp\/v2\/posts"}],"about":[{"href":"http:\/\/www.uaba-opatija.hr\/index.php\/wp-json\/wp\/v2\/types\/post"}],"author":[{"embeddable":true,"href":"http:\/\/www.uaba-opatija.hr\/index.php\/wp-json\/wp\/v2\/users\/1"}],"replies":[{"embeddable":true,"href":"http:\/\/www.uaba-opatija.hr\/index.php\/wp-json\/wp\/v2\/comments?post=156"}],"version-history":[{"count":3,"href":"http:\/\/www.uaba-opatija.hr\/index.php\/wp-json\/wp\/v2\/posts\/156\/revisions"}],"predecessor-version":[{"id":179,"href":"http:\/\/www.uaba-opatija.hr\/index.php\/wp-json\/wp\/v2\/posts\/156\/revisions\/179"}],"wp:attachment":[{"href":"http:\/\/www.uaba-opatija.hr\/index.php\/wp-json\/wp\/v2\/media?parent=156"}],"wp:term":[{"taxonomy":"category","embeddable":true,"href":"http:\/\/www.uaba-opatija.hr\/index.php\/wp-json\/wp\/v2\/categories?post=156"},{"taxonomy":"post_tag","embeddable":true,"href":"http:\/\/www.uaba-opatija.hr\/index.php\/wp-json\/wp\/v2\/tags?post=156"}],"curies":[{"name":"wp","href":"https:\/\/api.w.org\/{rel}","templated":true}]}}