{"id":159,"date":"2014-07-13T22:41:23","date_gmt":"2014-07-13T21:41:23","guid":{"rendered":"http:\/\/www.uaba-opatija.hr\/?p=159"},"modified":"2014-08-13T21:22:19","modified_gmt":"2014-08-13T20:22:19","slug":"dogovoren-plan-aktivnosti-sa-skolama-liburnije-za-sk-god-2014-15","status":"publish","type":"post","link":"http:\/\/www.uaba-opatija.hr\/index.php\/dogovoren-plan-aktivnosti-sa-skolama-liburnije-za-sk-god-2014-15\/","title":{"rendered":"Dogovoren plan aktivnosti sa \u0161kolama Liburnije za \u0161k. god. 2014.\/15."},"content":{"rendered":"<p><img loading=\"lazy\" decoding=\"async\" class=\"alignright\" src=\"https:\/\/farm4.staticflickr.com\/3897\/14645021014_0a3c8e4af5_n.jpg\" alt=\"\" width=\"320\" height=\"180\" \/>Pred par dana, UABA Grada Opatije okupila je na radnom domjenku sve opatijske \u0161kole: Gimnaziju Eugen Kumi\u010di\u0107, Ugostiteljsku, Hoteljersko-turisti\u010dku, Obrtni\u010dku i Osnovnu \u0161kolu. Sastanak se odr\u017eava ve\u0107 \u0161estu godinu uzastopno, koncem \u0161kolske godine, u svrhu analize me\u0111usobne suradnje u protekloj godini i osmi\u0161ljavanje dodatnog zajedni\u010dkog programa koji se onda uklapa (nadovezuje) u nastavni program idu\u0107e \u0161kolske godine. I ovog su mu puta nazo\u010dili ravnatelji\/ce i nastavnici povijesti, etike i pedagogije.<!--more--><\/p>\n<figure style=\"width: 180px\" class=\"wp-caption alignleft\"><img loading=\"lazy\" decoding=\"async\" src=\"https:\/\/farm4.staticflickr.com\/3918\/14646798972_d5494fc54c_n.jpg\" alt=\"\" width=\"180\" height=\"320\" \/><figcaption class=\"wp-caption-text\">Zahvala prof. Mateti\u0107<\/figcaption><\/figure>\n<p>Odano je priznanje realizaciji programa 2013\/14, a u podrobnoj analizi proteklog prevladalo je zadovoljstvo u\u010dinjenim. Istaknut je organizirani obilazak vinodolskog zale\u0111a sa srednjo\u0161kolcima i Mati\u0107 Poljane + Hreljina sa osnovno\u0161kolcima. <em>Memento<\/em> u vili Antonio i <em>Dani antifa\u0161izma u Opatiji 5 &#8211; <\/em>standardno dobro. Isto tako <em>Vlak sje\u0107anja na Auschwitz<\/em>. Novi projekti <em>Moj zavi\u010daj kroz vrijeme<\/em> sa Documentom iz Zagreba i Ljetni kamp Savudrija posebno su podcrtani sa pozitivnim predznakom. Op\u0107a ocjena \u2013 odli\u010dan.<\/p>\n<p>U raspravi je do\u0161lo do izra\u017eaja jedinstveno gledi\u0161te da realizirane inicijative\u00a0 sve vi\u0161e zaokupljaju \u0111ake, koji im se sa sve vi\u0161e \u017eara i interesa posve\u0107uju. Ocjenjeno je kako je to rezultat svesrdnog dugotrajnog i upornog zajedni\u010dkog rada, te kako valja u granicama raspolo\u017eivih mogu\u0107nosti nastaviti sa zapo\u010detim trendom.<\/p>\n<p>Glede predstoje\u0107ih aktivnosti usugla\u0161eni su stavovi i odre\u0111eni preferencijalni termini u odabiru akcija u kojima \u0107e se nastupiti zajedni\u010dki. To zna\u010di da \u0107e UABA kao i do sada za svaku od njih osigurati\u00a0 financijsku potporu, a \u0161kole \u0107e osigurati\u00a0 odre\u0111eni broj u\u010denika prema dogovoru. Po\u017eeljno je i u\u010de\u0161\u0107e profesora povijesti.<\/p>\n<p>Dogovorene zajedni\u010dke akcije UABA i \u0161kola u slijede\u0107oj \u0161kolskoj godini:<\/p>\n<p>1. 13.09.14\u00a0 &#8211;\u00a0 Mati\u0107 Poljana &#8211; za O\u0160 i ni\u017ee razrede srednje,<\/p>\n<p>2. 07.10.14\u00a0 &#8211;\u00a0 Hreljin, komemoracija na spomen kosturnici i dru\u017eenje sa lokalnim i kr\u010dkim<\/p>\n<p>\u0161kolarcima (za O\u0160 i ni\u017ee razrede srednje \u0161kole)<\/p>\n<p>3. 14.11.14\u00a0 &#8211;\u00a0 Partizanskim putevima goranskog\u00a0 kraja (autobusom u Lukovdol itd)<\/p>\n<p>4. 27.01.15\u00a0 &#8211;\u00a0 Memento 15 &#8211; Svjetski Dan Holokausta: u vili Antonio od 12 do 14 sati<\/p>\n<p>odr\u017eat \u0107e se\u00a0 prigodna priredba za sve \u0161kole<\/p>\n<p>5. 4-6.03.15\u00a0 &#8211; \u00a0Dani antifa\u0161izma u Opatiji 6, antifa\u0161izam pristupa\u010dan mladima<\/p>\n<p>(4\/3 filmska ve\u010der, 5\/3 dan mladih, 7\/3 panel rasprava)<\/p>\n<p>6. 19-23.3.15\u00a0 &#8211; Vlak sje\u0107anja na Auschwitz &#8211; odabir 5 sponzoriranih u\u010denika<\/p>\n<p>7. 28.04.15 \u00a0&#8211; Jama I\u010di\u0107i, opatijski Spomen park \u2013 70. godi\u0161njica<\/p>\n<p>8. 06\/07.15 &#8211; Ljetni kamp Savudrija<\/p>\n<p>(9.\u00a0 ?\u00a0\u00a0 &#8211; Lipa: utvrdit \u0107e se disponibilitet u\u010denika, pa datum)<\/p>\n<p><img loading=\"lazy\" decoding=\"async\" class=\"alignright\" src=\"https:\/\/farm6.staticflickr.com\/5562\/14645020724_9ca79263ae_n.jpg\" alt=\"\" width=\"320\" height=\"180\" \/>O drugim svojim akcijama koje bi bile primjerene \u0161kolarcima, UABA \u0107e\u00a0 redovito i blagovremeno obavje\u0161tavati \u0161kole, kako bi mogli, eventualno, zavisno o mogu\u0107nostima, priklju\u010diti im makar i individualno zainteresirane.<\/p>\n<p>Nakon usvajanja programa 2014\/15, a uzev\u0161i u obzir stanovitu inicijativu iz Matulja da se pridru\u017ee uhodanoj opatijskoj suradnji, odlu\u010deno je da se sa dogovorenim programom upozna UABA \u2013 podru\u017enica Matulji, O\u0160 Bre\u0161ca i O\u0160 Dr Andrija Mohorovi\u010di\u0107, te da im se ponudi u\u010de\u0161\u0107e.<\/p>\n","protected":false},"excerpt":{"rendered":"<p>Pred par dana, UABA Grada Opatije okupila je na radnom domjenku sve opatijske \u0161kole: Gimnaziju Eugen Kumi\u010di\u0107, Ugostiteljsku, Hoteljersko-turisti\u010dku, Obrtni\u010dku i Osnovnu \u0161kolu. Sastanak se odr\u017eava ve\u0107 \u0161estu godinu uzastopno, koncem \u0161kolske godine, u svrhu analize me\u0111usobne suradnje u protekloj godini i osmi\u0161ljavanje dodatnog zajedni\u010dkog programa koji se onda uklapa (nadovezuje) u nastavni program idu\u0107e &hellip; <\/p>\n<p class=\"link-more\"><a href=\"http:\/\/www.uaba-opatija.hr\/index.php\/dogovoren-plan-aktivnosti-sa-skolama-liburnije-za-sk-god-2014-15\/\" class=\"more-link\">Nastavi \u010ditati<span class=\"screen-reader-text\"> &#8220;Dogovoren plan aktivnosti sa \u0161kolama Liburnije za \u0161k. god. 2014.\/15.&#8221;<\/span><\/a><\/p>\n","protected":false},"author":1,"featured_media":0,"comment_status":"closed","ping_status":"open","sticky":false,"template":"","format":"standard","meta":{"_monsterinsights_skip_tracking":false,"_monsterinsights_sitenote_active":false,"_monsterinsights_sitenote_note":"","_monsterinsights_sitenote_category":0,"footnotes":""},"categories":[3],"tags":[],"class_list":["post-159","post","type-post","status-publish","format-standard","hentry","category-novosti"],"_links":{"self":[{"href":"http:\/\/www.uaba-opatija.hr\/index.php\/wp-json\/wp\/v2\/posts\/159","targetHints":{"allow":["GET"]}}],"collection":[{"href":"http:\/\/www.uaba-opatija.hr\/index.php\/wp-json\/wp\/v2\/posts"}],"about":[{"href":"http:\/\/www.uaba-opatija.hr\/index.php\/wp-json\/wp\/v2\/types\/post"}],"author":[{"embeddable":true,"href":"http:\/\/www.uaba-opatija.hr\/index.php\/wp-json\/wp\/v2\/users\/1"}],"replies":[{"embeddable":true,"href":"http:\/\/www.uaba-opatija.hr\/index.php\/wp-json\/wp\/v2\/comments?post=159"}],"version-history":[{"count":2,"href":"http:\/\/www.uaba-opatija.hr\/index.php\/wp-json\/wp\/v2\/posts\/159\/revisions"}],"predecessor-version":[{"id":177,"href":"http:\/\/www.uaba-opatija.hr\/index.php\/wp-json\/wp\/v2\/posts\/159\/revisions\/177"}],"wp:attachment":[{"href":"http:\/\/www.uaba-opatija.hr\/index.php\/wp-json\/wp\/v2\/media?parent=159"}],"wp:term":[{"taxonomy":"category","embeddable":true,"href":"http:\/\/www.uaba-opatija.hr\/index.php\/wp-json\/wp\/v2\/categories?post=159"},{"taxonomy":"post_tag","embeddable":true,"href":"http:\/\/www.uaba-opatija.hr\/index.php\/wp-json\/wp\/v2\/tags?post=159"}],"curies":[{"name":"wp","href":"https:\/\/api.w.org\/{rel}","templated":true}]}}