{"id":221,"date":"2014-11-02T18:43:47","date_gmt":"2014-11-02T17:43:47","guid":{"rendered":"http:\/\/www.uaba-opatija.hr\/?p=221"},"modified":"2014-11-24T22:17:57","modified_gmt":"2014-11-24T21:17:57","slug":"uz-dan-mrtvih","status":"publish","type":"post","link":"http:\/\/www.uaba-opatija.hr\/index.php\/uz-dan-mrtvih\/","title":{"rendered":"Uz Dan mrtvih"},"content":{"rendered":"<figure style=\"width: 320px\" class=\"wp-caption alignright\"><img loading=\"lazy\" decoding=\"async\" src=\"https:\/\/farm9.staticflickr.com\/8645\/15845323236_dc11ec8cd9_n.jpg\" alt=\"\" width=\"320\" height=\"240\" \/><figcaption class=\"wp-caption-text\">Zasluge za uzorno ure\u0111enje idu na\u0161im \u010dlanovima Borisu Rumcu i Terezi Kori\u0107<\/figcaption><\/figure>\n<p>Prilikom Dana mrtvih polo\u017eili smo cvije\u0107e i zapalili svije\u0107e na grobovima u\u010desnika NOB preminulih u Drugom svjetskom ratu, a koji se nalaze na opatijskom \u0161irem podru\u010dju.<br \/>\nSa predstavnicima Grada i udrugama iz Domovinskog rata polo\u017eili smo vijence, zapalili svije\u0107e i minutom \u0161utnje odali po\u0161tu na centralnom opatijskom groblju i kod spomenika u Nazorovoj ulici kako borcima stradalim u NOB-u tako i onima stradalima u Domovinskom ratu.<br \/>\nUputili smo i zahvalnicu opatijskim \u201eParkovima\u201c za primjereni trud i brigu ulo\u017een na zamjetno odr\u017eavanje spomenika Drugog svjetskog rata.<\/p>\n","protected":false},"excerpt":{"rendered":"<p>Prilikom Dana mrtvih polo\u017eili smo cvije\u0107e i zapalili svije\u0107e na grobovima u\u010desnika NOB preminulih u Drugom svjetskom ratu, a koji se nalaze na opatijskom \u0161irem podru\u010dju. Sa predstavnicima Grada i udrugama iz Domovinskog rata polo\u017eili smo vijence, zapalili svije\u0107e i minutom \u0161utnje odali po\u0161tu na centralnom opatijskom groblju i kod spomenika u Nazorovoj ulici kako &hellip; <\/p>\n<p class=\"link-more\"><a href=\"http:\/\/www.uaba-opatija.hr\/index.php\/uz-dan-mrtvih\/\" class=\"more-link\">Nastavi \u010ditati<span class=\"screen-reader-text\"> &#8220;Uz Dan mrtvih&#8221;<\/span><\/a><\/p>\n","protected":false},"author":1,"featured_media":0,"comment_status":"closed","ping_status":"open","sticky":false,"template":"","format":"standard","meta":{"_monsterinsights_skip_tracking":false,"_monsterinsights_sitenote_active":false,"_monsterinsights_sitenote_note":"","_monsterinsights_sitenote_category":0,"footnotes":""},"categories":[3],"tags":[],"class_list":["post-221","post","type-post","status-publish","format-standard","hentry","category-novosti"],"_links":{"self":[{"href":"http:\/\/www.uaba-opatija.hr\/index.php\/wp-json\/wp\/v2\/posts\/221","targetHints":{"allow":["GET"]}}],"collection":[{"href":"http:\/\/www.uaba-opatija.hr\/index.php\/wp-json\/wp\/v2\/posts"}],"about":[{"href":"http:\/\/www.uaba-opatija.hr\/index.php\/wp-json\/wp\/v2\/types\/post"}],"author":[{"embeddable":true,"href":"http:\/\/www.uaba-opatija.hr\/index.php\/wp-json\/wp\/v2\/users\/1"}],"replies":[{"embeddable":true,"href":"http:\/\/www.uaba-opatija.hr\/index.php\/wp-json\/wp\/v2\/comments?post=221"}],"version-history":[{"count":3,"href":"http:\/\/www.uaba-opatija.hr\/index.php\/wp-json\/wp\/v2\/posts\/221\/revisions"}],"predecessor-version":[{"id":238,"href":"http:\/\/www.uaba-opatija.hr\/index.php\/wp-json\/wp\/v2\/posts\/221\/revisions\/238"}],"wp:attachment":[{"href":"http:\/\/www.uaba-opatija.hr\/index.php\/wp-json\/wp\/v2\/media?parent=221"}],"wp:term":[{"taxonomy":"category","embeddable":true,"href":"http:\/\/www.uaba-opatija.hr\/index.php\/wp-json\/wp\/v2\/categories?post=221"},{"taxonomy":"post_tag","embeddable":true,"href":"http:\/\/www.uaba-opatija.hr\/index.php\/wp-json\/wp\/v2\/tags?post=221"}],"curies":[{"name":"wp","href":"https:\/\/api.w.org\/{rel}","templated":true}]}}