{"id":243,"date":"2014-12-11T12:16:32","date_gmt":"2014-12-11T11:16:32","guid":{"rendered":"http:\/\/www.uaba-opatija.hr\/?p=243"},"modified":"2014-12-11T14:02:05","modified_gmt":"2014-12-11T13:02:05","slug":"vlak-sjecanja-2015","status":"publish","type":"post","link":"http:\/\/www.uaba-opatija.hr\/index.php\/vlak-sjecanja-2015\/","title":{"rendered":"Vlak sje\u0107anja 2015"},"content":{"rendered":"<figure style=\"width: 240px\" class=\"wp-caption alignleft\"><img loading=\"lazy\" decoding=\"async\" class=\"\" src=\"https:\/\/farm4.static.flickr.com\/3698\/13687289865_82b9e39094_m.jpg\" alt=\"\" width=\"240\" height=\"160\" \/><figcaption class=\"wp-caption-text\">Detalj&#8230;<\/figcaption><\/figure>\n<p><strong>UABA Opatije<\/strong>, koriste\u0107i svoje me\u0111unarodne veze s naprednim europskim udrugama, dobila je ponovno odre\u0111eni broj mjesta u &#8220;Vlaku sje\u0107anja&#8221; koji se\u00a0\u00a0svake godine organizira kako bi se odr\u017ealo \u017eivim sje\u0107anje na \u017ertve Holokausta. Vlak polazi iz Milana i Bruxellesa s uvijek istim ciljem &#8211; Auschwitz. Broj mjesta je limitiran kapacitetima \u017eeljezni\u010dke kompozicije, pa organizatori nude ograni\u010deni\u00a0broj potencijalnim interesentima. Ove su godine, ponukani dvogodi\u0161njim pozitivnim iskustvom, ponovili ponudu hrvatskim u\u010desnicima i to opatijskoj Udruzi antifa\u0161ista.<\/p>\n<p>Inicijativu podr\u017eavaju SABAH, SABA PG\u017d, PG\u017d i Grad Opatija.<\/p>\n<p><strong><em>\u00a0<\/em><\/strong><strong><em>Program<\/em><\/strong> je sljede\u0107i:<\/p>\n<p>19. o\u017eujka 2015 odlazak iz Milana. Povratak 23. o\u017eujka 2015 u Milano. Hrvatska se ekipa uklju\u010duje na vlak u Salzburgu, a polazak je u 12:00 sati vlakom iz Rijeke. Povratak je tako\u0111er u Rijeku, vlakom u 17:00 sati.<\/p>\n<p>2 spavanja u Krakowu &#8211; hoteli 3 zvjezdice. Hrana &#8211; puni pansion.<\/p>\n<p>Jedan cijeli dan, uz tradicionalnu sve\u010danost u Auschwitzu.<\/p>\n<p>Tijekom puta organizirani kru\u017eoci, predavanja i susreti sa \u017ertvama.<\/p>\n<p>Cijena po osobi u ovom \u010dasu cca \u20ac 300 (ukoliko se prona\u0111e sponzora cijena \u0107e biti ni\u017ea).<\/p>\n<p>Obzirom na limitirani broj na\u0161ih u\u010desnika: 15-20, kod prijave prednost \u0107e biti data mladima &#8211; studentima i srednjo\u0161kolcima.<\/p>\n<p>Predbilje\u017eba i informacije:<\/p>\n<p>e-mail: oleg.mandic@ri.t-com.hr i tel.: 051.712751<\/p>\n","protected":false},"excerpt":{"rendered":"<p>UABA Opatije, koriste\u0107i svoje me\u0111unarodne veze s naprednim europskim udrugama, dobila je ponovno odre\u0111eni broj mjesta u &#8220;Vlaku sje\u0107anja&#8221; koji se\u00a0\u00a0svake godine organizira kako bi se odr\u017ealo \u017eivim sje\u0107anje na \u017ertve Holokausta. Vlak polazi iz Milana i Bruxellesa s uvijek istim ciljem &#8211; Auschwitz. Broj mjesta je limitiran kapacitetima \u017eeljezni\u010dke kompozicije, pa organizatori nude ograni\u010deni\u00a0broj &hellip; <\/p>\n<p class=\"link-more\"><a href=\"http:\/\/www.uaba-opatija.hr\/index.php\/vlak-sjecanja-2015\/\" class=\"more-link\">Nastavi \u010ditati<span class=\"screen-reader-text\"> &#8220;Vlak sje\u0107anja 2015&#8221;<\/span><\/a><\/p>\n","protected":false},"author":1,"featured_media":0,"comment_status":"closed","ping_status":"open","sticky":false,"template":"","format":"standard","meta":{"_monsterinsights_skip_tracking":false,"_monsterinsights_sitenote_active":false,"_monsterinsights_sitenote_note":"","_monsterinsights_sitenote_category":0,"footnotes":""},"categories":[4,3,7],"tags":[],"class_list":["post-243","post","type-post","status-publish","format-standard","hentry","category-aktivnosti-najave","category-novosti","category-vlak-novi"],"_links":{"self":[{"href":"http:\/\/www.uaba-opatija.hr\/index.php\/wp-json\/wp\/v2\/posts\/243","targetHints":{"allow":["GET"]}}],"collection":[{"href":"http:\/\/www.uaba-opatija.hr\/index.php\/wp-json\/wp\/v2\/posts"}],"about":[{"href":"http:\/\/www.uaba-opatija.hr\/index.php\/wp-json\/wp\/v2\/types\/post"}],"author":[{"embeddable":true,"href":"http:\/\/www.uaba-opatija.hr\/index.php\/wp-json\/wp\/v2\/users\/1"}],"replies":[{"embeddable":true,"href":"http:\/\/www.uaba-opatija.hr\/index.php\/wp-json\/wp\/v2\/comments?post=243"}],"version-history":[{"count":4,"href":"http:\/\/www.uaba-opatija.hr\/index.php\/wp-json\/wp\/v2\/posts\/243\/revisions"}],"predecessor-version":[{"id":248,"href":"http:\/\/www.uaba-opatija.hr\/index.php\/wp-json\/wp\/v2\/posts\/243\/revisions\/248"}],"wp:attachment":[{"href":"http:\/\/www.uaba-opatija.hr\/index.php\/wp-json\/wp\/v2\/media?parent=243"}],"wp:term":[{"taxonomy":"category","embeddable":true,"href":"http:\/\/www.uaba-opatija.hr\/index.php\/wp-json\/wp\/v2\/categories?post=243"},{"taxonomy":"post_tag","embeddable":true,"href":"http:\/\/www.uaba-opatija.hr\/index.php\/wp-json\/wp\/v2\/tags?post=243"}],"curies":[{"name":"wp","href":"https:\/\/api.w.org\/{rel}","templated":true}]}}