{"id":249,"date":"2014-12-12T09:25:10","date_gmt":"2014-12-12T08:25:10","guid":{"rendered":"http:\/\/www.uaba-opatija.hr\/?p=249"},"modified":"2014-12-12T10:02:09","modified_gmt":"2014-12-12T09:02:09","slug":"posjet-vukovaru-6-12-2014","status":"publish","type":"post","link":"http:\/\/www.uaba-opatija.hr\/index.php\/posjet-vukovaru-6-12-2014\/","title":{"rendered":"Posjet Vukovaru 6.12.2014."},"content":{"rendered":"<p>U organizaciji i na inicijativu Udruge zagreba\u010dkih branitelja Vukovara (UZBV) antifa\u0161isti UABA Grada Opatije i UABA Liburnije posjetili su Vukovar.<\/p>\n<p>Iz Opatije i Matulja krenuli smo u ranim jutarnjim satima. Pred nama je bio dug i naporan put, koji nam je kratio Damir Ja\u0161arevi\u0107, predsjednik UZBV emotivnim pri\u010dama o stradanju Vukovara, o poginulim, stradalim i nestalim osobama. Damir je pri\u010dao i odveo nas na mjesta doga\u0111aja. A sumoran, prohladan i ki\u0161ovit dan jo\u0161 je vi\u0161e unio tuge u srca ljudi koji su ga bez rije\u010di slu\u0161ali.<\/p>\n<p>Posjetili smo mjesta sje\u0107anja: Vukovarsku bolnicu, Spomen dom Ov\u010dara, Masovnu grobnicu Ov\u010dara, Memorijalno groblje \u017ertava iz Domovinskog rata, Centar domovinskog rata, Kri\u017e na u\u0161\u0107u Vuke u Dunav, pro\u0161li smo Trpinjskom cestom.<\/p>\n<p>Biti u Vukovaru s \u010dovjekom koji je nastradao na Trpinjskoj cesti, koji nas je proveo svim putevima gdje su se vodile borbe i gdje su ljudi nastradali, bilo je nezaboravno: do\u017eivjeli smo to privilegijom za sve nas prisutne. Dok je govorio vladala je grobna ti\u0161ina a u o\u010dima svakoga od nas zacaklile su se suze. Sjetili smo se i dana kada smo u Opatiji svakodnevno slu\u0161ali pozive i vapaj Sini\u0161e Glava\u0161evi\u0107, dr. Vesne Bosanac i dr. Njavre za pomo\u0107. Bilo nam je te\u0161ko, nadali smo se da \u0107e sve to stati, ali nije.<\/p>\n<p>Tada kao i danas bili smo uz Vukovar.<\/p>\n<p>Polo\u017eili smo vijenac i zapalili svije\u0107e na Masovnoj grobnici Ov\u010dara i Memorijalnom groblju \u017ertava iz Domovinskog rata.<\/p>\n<p>Uz pri\u010du o Vukovaru u Domovinskom ratu, pri\u010du o hrabrosti, snazi, boli, dostojanstvu, ljubavi i pobjedi \u017eivota Damir nam je ispri\u010dao i pri\u010du o samom gradu Vukovaru kroz povijest s puno interesantnih detalja.<\/p>\n<p style=\"text-align: center;\"><span class=\"Apple-style-span\"><!-- Awesome Flickr Gallery Start --><!-- - Version - 3.5.6 - User ID - 101598051@N08 - Photoset ID - 72157649658591456 - Gallery ID -  - Group ID -  - Tags -  - Popular -  - Per Page - 10 - Sort Order - flickr - Photo Size - _m - Custom Size - 0 - Square - false - Captions - off - Description - off - Columns - 3 - Credit Note - off - Background Color - Transparent - Width - auto - Pagination - on - Slideshow - colorbox - Disable slideshow? - --><div class='afg-gallery custom-gallery-23' id='afg-23' style='background-color:Transparent; width:100%; color:; border-color:Transparent;'><div class='afg-table' style='width:100%'><div class='afg-row'><div class='afg-cell' style='width:33%;'><a class='afgcolorbox' rel='example423'  href='https:\/\/farm9.staticflickr.com\/8648\/15817341977_fd9eed5242_b.jpg' title='P1060515'><img class='afg-img' title='P1060515' src='https:\/\/farm9.static.flickr.com\/8648\/15817341977_fd9eed5242_m.jpg' alt='P1060515 \u2022 &lt;a style=&quot;font-size:0.8em;&quot; href=&quot;http:\/\/www.flickr.com\/photos\/101598051@N08\/15817341977\/&quot; target=&quot;_blank&quot;&gt;View on Flickr&lt;\/a&gt;'\/><\/a><\/div><div class='afg-cell' style='width:33%;'><a class='afgcolorbox' rel='example423'  href='https:\/\/farm8.staticflickr.com\/7524\/16002396422_21a9359258_b.jpg' title='P1060541'><img class='afg-img' title='P1060541' src='https:\/\/farm8.static.flickr.com\/7524\/16002396422_21a9359258_m.jpg' alt='P1060541 \u2022 &lt;a style=&quot;font-size:0.8em;&quot; href=&quot;http:\/\/www.flickr.com\/photos\/101598051@N08\/16002396422\/&quot; target=&quot;_blank&quot;&gt;View on Flickr&lt;\/a&gt;'\/><\/a><\/div><div class='afg-cell' style='width:33%;'><a class='afgcolorbox' rel='example423'  href='https:\/\/farm8.staticflickr.com\/7476\/15977303866_016aae399e_b.jpg' title='P1060559'><img class='afg-img' title='P1060559' src='https:\/\/farm8.static.flickr.com\/7476\/15977303866_016aae399e_m.jpg' alt='P1060559 \u2022 &lt;a style=&quot;font-size:0.8em;&quot; href=&quot;http:\/\/www.flickr.com\/photos\/101598051@N08\/15977303866\/&quot; target=&quot;_blank&quot;&gt;View on Flickr&lt;\/a&gt;'\/><\/a><\/div><\/div><div class='afg-row'><div class='afg-cell' style='width:33%;'><a class='afgcolorbox' rel='example423'  href='https:\/\/farm8.staticflickr.com\/7493\/15380837604_aa20c89e14_b.jpg' title='P1060564'><img class='afg-img' title='P1060564' src='https:\/\/farm8.static.flickr.com\/7493\/15380837604_aa20c89e14_m.jpg' alt='P1060564 \u2022 &lt;a style=&quot;font-size:0.8em;&quot; href=&quot;http:\/\/www.flickr.com\/photos\/101598051@N08\/15380837604\/&quot; target=&quot;_blank&quot;&gt;View on Flickr&lt;\/a&gt;'\/><\/a><\/div><\/div><\/div><\/div><!-- Awesome Flickr Gallery End --><\/span><\/p>\n<p>U Vukovaru smo se susreli i s Lazom \u0110oki\u0107 predsjednikom UABA Grada Vukovara i SABA Vukovarsko srijemske \u017eupanije koji nam je poklonio knjigu o Dudiku i pri\u010dao o aktivnosti UABA Grada Vukovara. S Damirom smo po\u0161li i vidjeli spomenik Dudik koji je podignut u Mitnici gdje je bilo strati\u0161te za vrijeme II svjetskog rata. Danas je spomenik u jako lo\u0161em stanju i trebalo bi ga obnoviti.<\/p>\n<p>&nbsp;<\/p>\n<p>Vratili smo se svojim domovima puni dojmova i emocija koje su samo navirale, a svojim najbli\u017eima smo prenijeli na\u0161e iskustvo iz Vukovara.<\/p>\n<p>Posebno zahvaljujemo UZBV i Damiru Ja\u0161arevi\u0107 koji su nam omogu\u0107ili veleban do\u017eivljaj i \u017eelja nam je da se ovakvi posjeti \u0161to vi\u0161e organiziraju posebno za mlade i za sve ljude koji \u017eele pokloniti se \u017ertvama Vukovara.<\/p>\n","protected":false},"excerpt":{"rendered":"<p>U organizaciji i na inicijativu Udruge zagreba\u010dkih branitelja Vukovara (UZBV) antifa\u0161isti UABA Grada Opatije i UABA Liburnije posjetili su Vukovar. Iz Opatije i Matulja krenuli smo u ranim jutarnjim satima. Pred nama je bio dug i naporan put, koji nam je kratio Damir Ja\u0161arevi\u0107, predsjednik UZBV emotivnim pri\u010dama o stradanju Vukovara, o poginulim, stradalim i &hellip; <\/p>\n<p class=\"link-more\"><a href=\"http:\/\/www.uaba-opatija.hr\/index.php\/posjet-vukovaru-6-12-2014\/\" class=\"more-link\">Nastavi \u010ditati<span class=\"screen-reader-text\"> &#8220;Posjet Vukovaru 6.12.2014.&#8221;<\/span><\/a><\/p>\n","protected":false},"author":1,"featured_media":0,"comment_status":"closed","ping_status":"open","sticky":false,"template":"","format":"standard","meta":{"_monsterinsights_skip_tracking":false,"_monsterinsights_sitenote_active":false,"_monsterinsights_sitenote_note":"","_monsterinsights_sitenote_category":0,"footnotes":""},"categories":[5,3],"tags":[],"class_list":["post-249","post","type-post","status-publish","format-standard","hentry","category-aktivnosti-izleti","category-novosti"],"_links":{"self":[{"href":"http:\/\/www.uaba-opatija.hr\/index.php\/wp-json\/wp\/v2\/posts\/249","targetHints":{"allow":["GET"]}}],"collection":[{"href":"http:\/\/www.uaba-opatija.hr\/index.php\/wp-json\/wp\/v2\/posts"}],"about":[{"href":"http:\/\/www.uaba-opatija.hr\/index.php\/wp-json\/wp\/v2\/types\/post"}],"author":[{"embeddable":true,"href":"http:\/\/www.uaba-opatija.hr\/index.php\/wp-json\/wp\/v2\/users\/1"}],"replies":[{"embeddable":true,"href":"http:\/\/www.uaba-opatija.hr\/index.php\/wp-json\/wp\/v2\/comments?post=249"}],"version-history":[{"count":2,"href":"http:\/\/www.uaba-opatija.hr\/index.php\/wp-json\/wp\/v2\/posts\/249\/revisions"}],"predecessor-version":[{"id":251,"href":"http:\/\/www.uaba-opatija.hr\/index.php\/wp-json\/wp\/v2\/posts\/249\/revisions\/251"}],"wp:attachment":[{"href":"http:\/\/www.uaba-opatija.hr\/index.php\/wp-json\/wp\/v2\/media?parent=249"}],"wp:term":[{"taxonomy":"category","embeddable":true,"href":"http:\/\/www.uaba-opatija.hr\/index.php\/wp-json\/wp\/v2\/categories?post=249"},{"taxonomy":"post_tag","embeddable":true,"href":"http:\/\/www.uaba-opatija.hr\/index.php\/wp-json\/wp\/v2\/tags?post=249"}],"curies":[{"name":"wp","href":"https:\/\/api.w.org\/{rel}","templated":true}]}}