{"id":270,"date":"2015-01-10T12:06:30","date_gmt":"2015-01-10T11:06:30","guid":{"rendered":"http:\/\/www.uaba-opatija.hr\/?p=270"},"modified":"2015-01-11T21:31:43","modified_gmt":"2015-01-11T20:31:43","slug":"uaba-opatije-na-stalnom-forumu-antifasista-u-splitu","status":"publish","type":"post","link":"http:\/\/www.uaba-opatija.hr\/index.php\/uaba-opatije-na-stalnom-forumu-antifasista-u-splitu\/","title":{"rendered":"UABA Opatije na Stalnom forumu antifa\u0161ista u Splitu"},"content":{"rendered":"<p class=\"western\"><span style=\"font-size: medium;\">Igor Jovanovi\u0107, Pula:<\/span><\/p>\n<p class=\"western\" align=\"center\">Stalni Forum antifa\u0161ista i antifa\u0161isti\u010dkih boraca i Instituta za povijest jadransko-jonskih gradova<\/p>\n<p class=\"western\">U Splitu je 15. studenoga 2014., u Gospodarskoj komori odr\u017eana Godi\u0161nja konferencija Stalnog Foruma antifa\u0161ista i antifa\u0161isti\u010dkih boraca i Instituta za povijest jadransko- jonskih gradova. Hrvatska je ve\u0107 drugi put u tri godine doma\u0107in ovog uglednog doga\u0111aja jer je 2012., odr\u017eana Godi\u0161nja skup\u0161tina u Rijeci i u Istri. Suorganizatori konferencije bili su Forum Permanente iz Ancone te Udruga antifa\u0161ista Grada Splita i Grad Split.<\/p>\n<p class=\"western\">Konferencija je otvorena pozdravnim govorima organizatora uz asistenciju tro\u010dlanog Predsjedni\u0161tva konferencije u sastavu Leonardo Animali predsjednik, Sergio Bernich, potpredsjednik i Josip Milat, \u010dlan. Prvi se nazo\u010dnima obratio gradona\u010delnik Grada Splita Ivo Baldasar koji se osvrnuo i na temu plenarne sjednice: \u201eKultura sje\u0107anja.\u201c Gradona\u010delnik je Baldasar govorio o Kulturi sje\u0107anja kao o Kulturi sukoba , kojoj smo svi svjedoci posljednjih dvadesetak godina. Va\u017eno je ne pretvoriti Kulturu sje\u0107anja u politi\u010dki igrokaz. Du\u017enost je svih nas da se to ne dogodi. Gradona\u010delnik je i spomenuo da nas razdvajaju podjele iz pro\u0161losti potpomognute dugotrajnom gospodarskom i moralnom krizom. Zavr\u0161avaju\u0107i svoj pozdravni govor, gradona\u010delnik Baldasar apelirao je na povjesni\u010dare da naprave konsenzus oko povijesti kako bi izgradili kvalitetnu Kulturu tolerancije i su\u017eivota odnosno \u201e Kulturu sje\u0107anja\u201c.<\/p>\n<p class=\"western\">Dobar rad i uspje\u0161an rad na konferenciji za\u017eelio je u ime SABA RH njegov dopredsjednik<!--more--> Dinko Tamarut. Naglasio je da je nacifa\u0161izam u dru\u0161tvu prisutan zbog problema u dru\u0161tvu te da je cilj Foruma a i na\u0161eg dru\u0161tva zalagati se za slobodu i demokraciju, a protiv rasizma i ksenofobije. Na izlaganje Dinka Tamaruta nadovezao se Leonardo Animali predsjednik Stalnog Foruma( Foruma Permanente). Zadatak je Foruma, rekao je Animali, braniti, promicati i unaprijediti antifa\u0161izam u zemljama koje dodiruje Jadransko i Jonsko more. Osvrnuo se i na devetogodi\u0161nju povijest Foruma i zahvalio osniva\u010dima ove institucije. \u010clanovi su Foruma ljudi koji su svjesni pro\u0161losti, koji podupiru demokraciju po\u010dev\u0161i od lokalne razine i osvr\u0107u se prema budu\u0107nosti i edukaciji mla\u0111ih nara\u0161taja. To je jedini na\u010din kojim se mogu zahvaliti starijim generacijama koje su aktivno pobijedile nacizam i fa\u0161izam rekao je Animali zavr\u0161avaju\u0107i svoje izlaganje.<\/p>\n<p class=\"western\">Prvi odnosno uvodni dio konferencije zatvorio je Josip Milat, predstavnik UABA Grada Splita. Milat je istaknuo zadovoljstvo \u0161to se Godi\u0161nja konferencija Foruma odr\u017eava u gradu Splitu koji obilje\u017eava 70. godina oslobo\u0111enja od nacifa\u0161izma. Osvrnuo se i na bogatu antifa\u0161isti\u010dku tradiciju i povijest grada Splita. Posljedice fa\u0161izma su takve da je antifa\u0161izam neminovnost zaklju\u010dio je Josip Milat.<\/p>\n<p class=\"western\">Drugi dio konferencije zapo\u010deo je plenarnim predavanjima koje je otvorio dr. sc. Aleksandar Jakir iz Splita s temom: \u201e Strahote fa\u0161izama i antifa\u0161izam i za\u0161to kultura sje\u0107anja.\u201c<\/p>\n<p class=\"western\">Devedesetih se godina dvadesetog stolje\u0107a vodila velika diskusija o Kulturi sje\u0107anja. Pad Berlinskog zida donio je nove potrebe za identifikacijom Istoka i Zapada. Na Zapadu se razvija demokratska kultura sje\u0107anja. Na Istoku se vlasti bave reinterpretacijom povijesti. U Italiji se 1919., ra\u0111a fa\u0161izam, 1926., se otvaraju konfinacijski logori. Svojim nasilnim odnosom prema stanovni\u0161tvu fa\u0161isti mijenjaju nacionalnu sliku dijelova Italije( krajevi dobiveni Londonskim ugovorom 1915.), ali se usprkos svemu stvara slika o \u201e dobro\u0107udnoj\u201c diktaturi u Italiji. U Njema\u010dkoj je situacija bitno druga\u010dija nego u Italiji. Nagla\u0161ava se rasna superiornost, donose se Rasni zakoni 1935., koji su uvod u holokaust. Logori imaju funkciju uni\u0161tenja i istrebljenja. Po\u010detkom Drugoga svjetskog rata, nacisti \u017eele na Istoku Europe stvoriti Lebensraum \u2013 prostor za \u017eivot superiorne arijevske rase. Planiraju uni\u0161titi ili deportirati preko 80 posto Zapadnih i Isto\u010dnih Slavena. U postizanju germanizacije odnosno svog cilja uni\u0161tenja Slavena, koriste se Einsatzgruppama, otvaraju \u0161est \u201e Logora smrti\u201c od kojih je najpoznatiji Auschwitz u isto\u010dnoj Poljskoj. Sli\u010dno se dogodilo i u NDH, gdje su tako\u0111er vr\u0161eni masovni zlo\u010dini protiv civilnog stanovni\u0161tva. Zavr\u0161avaju\u0107i svoje zanimljivo predavanje dr. sc. Jakir je naglasio va\u017enost komemoracije kao jednog od oblika antifa\u0161izma jer su strahote fa\u0161izma, nacizma i holokausta jako utjecale na kulturu sje\u0107anja.<\/p>\n<p class=\"western\">Nakon dr.sc. Jakira predavanje su odr\u017eali predstavnici UABA iz zemalja sudionica konferencije. Branko Gro\u0161eta iz UABA Dubrovnik osvrnuo se na devalvaciju moralnih vrijednosti u dana\u0161njem dru\u0161tvu, Zdenko Duplan\u010di\u0107 iz Subnora Srbije o falsificiranju povijesti koje te\u0161ko podnose jo\u0161 uvijek \u017eivu\u0107i sudionici antifa\u0161isti\u010dkog pokreta. S njim se slo\u017eio i Lovre Guli\u0107, 95 \u2013godi\u0161nji borac Prve dalmatinske brigade, a ujedno i najstariji \u017eivi nosilac Partizanske spomenice iz Dalmacije. O radu UABA Zadarske \u017eupanije govorio je Nikola \u0160u\u0161ak iz Zadra. Predstavnici\u201cIstituo Alcide Cervi\u201c, predstavili su institut osnovan 1972. , u Reggio Emiliji. Institut se bavi prou\u010davanjem antifa\u0161isti\u010dke pro\u0161losti u Italiji, organizira razne javne tribine i konferencije, di\u010di se jakom izdava\u010dkom djelatno\u0161\u0107u, a aktivan je i u edukaciji \u0161kolskog uzrasta u Italiji. Naziv je institut dobio po sedmorici bra\u0107e Cervi, svi ubijeni u sukobu s fa\u0161istima. Rastko \u0160valba iz UABA Primorsko \u2013 goranske \u017eupanije govorio je o ru\u0161enju spomenika NOB-a u Republici Hrvatskoj, o uni\u0161tenju muzejskih zbirki i knji\u017enica s temama iz NOB-a. \u010clanica Subnora Crne Gore, Branka Nikezi\u0107 je predstavila o aktivnosti njezine udruge u Crnoj Gori. O reviziji pro\u0161losti i o davanju imena ulica fa\u0161istima u sjevernojItaliji govorio je Diego Cudini iz ANPI Venecija.<\/p>\n<p class=\"western\">Ustroj UABA u Primorsko \u2013 goranskoj \u017eupaniji nazo\u010dnima je predstavio Dinko Tamarut, o va\u017enosti komemoracija \u017ertvama fa\u0161isti\u010dkog i nacisti\u010dkog terora i obilje\u017eavanja va\u017enih obljetnica antifa\u0161isti\u010dke borbe u dana\u0161njem dru\u0161tvu govorio je Kre\u0161imir Sr\u0161en iz UABA Grada Splita. Puni\u0161a Jovanovi\u0107 iz Saveza boraca Grada Kraljeva naglasio je va\u017enost financiranja antifa\u0161isti\u010dkih organizacija, osvrnuo se ina privatizacijske plja\u010dke u svom kraju, koje su utjecale i na financijsku situaciju njegove udruge. Predstavnik ANPI Marche Claudio Maderoni emotivno je govorio o mnogim obiteljima koje je sredinom dvadesetih godina koje je progonio fa\u0161izam. Ni\u0161ta manje emotivan nije bio ni Luciano Pelizzon iz UABA Grada Kopra koji se podsjetio osobnih patnji pod fa\u0161izmom, a govorio je i o negiranju NOB-a u dana\u0161njoj Republici Sloveniji.<\/p>\n<p class=\"western\">Tre\u0107i dio rada na konferenciji odnosio se na aktivnosti koje se provode u \u0161kolama u Republici Hrvatskoj i na aktivnosti mladih antifa\u0161ista iz Italije, Slovenije i Hrvatske.<\/p>\n<p class=\"western\">Na\u010din rada sa \u0161kolskim uzrastima u Istarskoj \u017eupaniji i o va\u017enosti edukacije o antifa\u0161izmu, holokaustu, i demokraciji govorio je Igor Jovanovi\u0107 iz SAB-a Istarske \u017eupanije. Predstavio je aktivnosti koje se odvijaju u pulskim osnovnim \u0161kolama pogotovo na tradicionalni Dan Spomena Grada Pule te dugogodi\u0161nju suradnju s jedinim pulskim kinom Valli koja se odvija u dane obilje\u017eavanja Dana holokausta u sije\u010dnju svake godine.<\/p>\n<p class=\"western\">Veoma uspje\u0161nu suradnju s osnovnim i srednjim \u0161kolama u Primorsko \u2013 goranskoj \u017eupaniji predstavila je Suzana Cvjetkovi\u0107 iz UABA Grada Opatije. Ve\u0107 vi\u0161e od deset godina uspje\u0161no sura\u0111uju s pet osnovnih i srednjih \u0161kola, organiziraju izlo\u017ebe, satove povijesti, terenske nastave i programe s antifa\u0161isti\u010dkim predznakom. U drugom je dijelu svoga izlaganja Suzana Cvjetkovi\u0107 predstavila je video uradak s nedavno odr\u017eane Me\u0111unarodne ljetne \u0161kole mira u Boroziji blizu Savudrije.<\/p>\n<p class=\"western\">Zavr\u0161ni dio konferencije\u201c preuzeli\u201c su mladi antifa\u0161isti iz Italije, Slovenije i Hrvatske \u010diji su istupi bili izrazito zanimljivi i va\u017eni. Bilo je rije\u010di o akcijama mladih antifa\u0161ista u Splitu, u Italiji, o gra\u0111anskom aktivizmu i akcijama solidarnosti. Mladi su antifa\u0161isti dokazali da je ova Godi\u0161nja konferencija razli\u010ditih kultura i generacija antifa\u0161ista okupljenih oko zajedni\u010dkog cilja, borbe za bolju budu\u0107nost te da je antifa\u0161izam temelj jednog novog humanizma.<\/p>\n<p class=\"western\">\n","protected":false},"excerpt":{"rendered":"<p>Igor Jovanovi\u0107, Pula: Stalni Forum antifa\u0161ista i antifa\u0161isti\u010dkih boraca i Instituta za povijest jadransko-jonskih gradova U Splitu je 15. studenoga 2014., u Gospodarskoj komori odr\u017eana Godi\u0161nja konferencija Stalnog Foruma antifa\u0161ista i antifa\u0161isti\u010dkih boraca i Instituta za povijest jadransko- jonskih gradova. Hrvatska je ve\u0107 drugi put u tri godine doma\u0107in ovog uglednog doga\u0111aja jer je 2012., &hellip; <\/p>\n<p class=\"link-more\"><a href=\"http:\/\/www.uaba-opatija.hr\/index.php\/uaba-opatije-na-stalnom-forumu-antifasista-u-splitu\/\" class=\"more-link\">Nastavi \u010ditati<span class=\"screen-reader-text\"> &#8220;UABA Opatije na Stalnom forumu antifa\u0161ista u Splitu&#8221;<\/span><\/a><\/p>\n","protected":false},"author":1,"featured_media":0,"comment_status":"closed","ping_status":"open","sticky":false,"template":"","format":"standard","meta":{"_monsterinsights_skip_tracking":false,"_monsterinsights_sitenote_active":false,"_monsterinsights_sitenote_note":"","_monsterinsights_sitenote_category":0,"footnotes":""},"categories":[3],"tags":[],"class_list":["post-270","post","type-post","status-publish","format-standard","hentry","category-novosti"],"_links":{"self":[{"href":"http:\/\/www.uaba-opatija.hr\/index.php\/wp-json\/wp\/v2\/posts\/270","targetHints":{"allow":["GET"]}}],"collection":[{"href":"http:\/\/www.uaba-opatija.hr\/index.php\/wp-json\/wp\/v2\/posts"}],"about":[{"href":"http:\/\/www.uaba-opatija.hr\/index.php\/wp-json\/wp\/v2\/types\/post"}],"author":[{"embeddable":true,"href":"http:\/\/www.uaba-opatija.hr\/index.php\/wp-json\/wp\/v2\/users\/1"}],"replies":[{"embeddable":true,"href":"http:\/\/www.uaba-opatija.hr\/index.php\/wp-json\/wp\/v2\/comments?post=270"}],"version-history":[{"count":3,"href":"http:\/\/www.uaba-opatija.hr\/index.php\/wp-json\/wp\/v2\/posts\/270\/revisions"}],"predecessor-version":[{"id":273,"href":"http:\/\/www.uaba-opatija.hr\/index.php\/wp-json\/wp\/v2\/posts\/270\/revisions\/273"}],"wp:attachment":[{"href":"http:\/\/www.uaba-opatija.hr\/index.php\/wp-json\/wp\/v2\/media?parent=270"}],"wp:term":[{"taxonomy":"category","embeddable":true,"href":"http:\/\/www.uaba-opatija.hr\/index.php\/wp-json\/wp\/v2\/categories?post=270"},{"taxonomy":"post_tag","embeddable":true,"href":"http:\/\/www.uaba-opatija.hr\/index.php\/wp-json\/wp\/v2\/tags?post=270"}],"curies":[{"name":"wp","href":"https:\/\/api.w.org\/{rel}","templated":true}]}}