{"id":299,"date":"2015-03-04T23:32:27","date_gmt":"2015-03-04T22:32:27","guid":{"rendered":"http:\/\/www.uaba-opatija.hr\/?p=299"},"modified":"2015-03-05T00:20:54","modified_gmt":"2015-03-04T23:20:54","slug":"dani-antifasizma-2015-vecer-filma","status":"publish","type":"post","link":"http:\/\/www.uaba-opatija.hr\/index.php\/dani-antifasizma-2015-vecer-filma\/","title":{"rendered":"Dani antifa\u0161izma 2015 &#8211; Ve\u010der filma"},"content":{"rendered":"<p style=\"text-align: center;\">\u0160esto izdanje <b>Dana antifa\u0161izma u Opatiji (DAF)<\/b>, u organizaciji UABA grada Opatije i Gimanzije Eugena Kumi\u010di\u0107a, zapo\u010delo je danas. Prepuna Vila Antonio bila je premala za velik broj posjetitelja, \u0161kolaraca i znati\u017eeljnih koji su htjeli prisustvovati tematskoj ve\u010deri filma. Razlog tome djelomi\u010dno le\u017ei i u gostu ve\u010deri, oskarovcu Branku Lustigu koji je svojim prisustvom dao svoj doprinos va\u017enosti ove manifestacije.&nbsp;<\/p>\n<p style=\"text-align: start;\">Ispred organizatora prisutnima su se obratili Oleg Mandi\u0107 (predsjednik opatijskog UABA) te rqvnateljica gimanzije Ivanka \u0160kari\u0107, a \u010dast otvaranja ovogodi\u0161njeg DAF-a pripala je Fernandu Kiriginu, opatijskom dogradona\u010delniku. Me\u0111u prisutnima, u publici su se na\u0161li i <span style=\"line-height: normal; -webkit-text-size-adjust: auto; background-color: rgba(255, 255, 255, 0);\">akademik Petar Str\u010di\u0107, g<\/span>lumac Rade \u0160erbed\u017eija, pjeva\u010d Damir Urban, te brojni drugi gosti.<\/p>\n<p style=\"text-align: start;\"><b>Posljednji let Petra Ginza, <\/b>ameri\u010dki dokumentarac o tragi\u010dnoj sudbini \u017eidovskog dje\u010daka, prate\u0107i ga od pra\u0161kog geta preko grada-logora Terezina do smrti u koncentracionom logoru u Auschwitzu, savr\u0161eno se uklopio u temu ovogodi\u0161njih Dana antifa\u0161izma, Djeca u Holokaustu. Nakon projekcije uslijedio je razgovor prisutnih s g. Lustigom na temu stradanja djece u ratnim situacijama. Izme\u0111u brojnih razmi\u0161ljanja koja su se \u010dula, ulogu moderatora vje\u0161to je odradio Igor Bajok, dugogodi\u0161nji suradnik na projektu Dana Antifa\u0161izma u Opatiji.<\/p>\n<p style=\"text-align: start;\">Prvi dan je pokazao kako je DAF relevantna manifestacija koja ima va\u017enu ulogu u komunikaciji, edukaciji i razumijevanju o pro\u0161lim doga\u0111ajima, jer jedino upoznavanjem pro\u0161losti se mo\u017ee izvu\u0107i pouka iz tu\u0111ih gre\u0161aka kako se one ne bi ponovile.<\/p>\n<p style=\"text-align: center;\"><!-- Awesome Flickr Gallery Start --><!-- - Version - 3.5.6 - User ID - 101598051@N08 - Photoset ID -  - Gallery ID -  - Group ID -  - Tags - Dani antifa\u0161izma 2015, ve\u010der filma - Popular -  - Per Page - 20 - Sort Order - flickr - Photo Size - _m - Custom Size - 0 - Square - false - Captions - off - Description - off - Columns - 3 - Credit Note - off - Background Color - Transparent - Width - auto - Pagination - on - Slideshow - colorbox - Disable slideshow? - --><div class='afg-gallery custom-gallery-28' id='afg-28' style='background-color:Transparent; width:100%; color:; border-color:Transparent;'><div class='afg-table' style='width:100%'><div class='afg-row'><div class='afg-cell' style='width:33%;'><a class='afgcolorbox' rel='example428'  href='https:\/\/farm9.staticflickr.com\/8653\/16095984914_072ced9f26_b.jpg' title='Branko Lustig, Dani antifa\u0161izma 2015, UABA Opatija, Ve\u010der filma'><img class='afg-img' title='Branko Lustig, Dani antifa\u0161izma 2015, UABA Opatija, Ve\u010der filma' src='https:\/\/farm9.static.flickr.com\/8653\/16095984914_072ced9f26_m.jpg' alt='Branko Lustig, Dani antifa\u0161izma 2015, UABA Opatija, Ve\u010der filma \u2022 &lt;a style=&quot;font-size:0.8em;&quot; href=&quot;http:\/\/www.flickr.com\/photos\/101598051@N08\/16095984914\/&quot; target=&quot;_blank&quot;&gt;View on Flickr&lt;\/a&gt;'\/><\/a><\/div><div class='afg-cell' style='width:33%;'><a class='afgcolorbox' rel='example428'  href='https:\/\/farm9.staticflickr.com\/8644\/16692397676_c2e0934a6d_b.jpg' title='Branko Lustig, Dani antifa\u0161izma 2015, UABA Opatija, Ve\u010der filma'><img class='afg-img' title='Branko Lustig, Dani antifa\u0161izma 2015, UABA Opatija, Ve\u010der filma' src='https:\/\/farm9.static.flickr.com\/8644\/16692397676_c2e0934a6d_m.jpg' alt='Branko Lustig, Dani antifa\u0161izma 2015, UABA Opatija, Ve\u010der filma \u2022 &lt;a style=&quot;font-size:0.8em;&quot; href=&quot;http:\/\/www.flickr.com\/photos\/101598051@N08\/16692397676\/&quot; target=&quot;_blank&quot;&gt;View on Flickr&lt;\/a&gt;'\/><\/a><\/div><div class='afg-cell' style='width:33%;'><a class='afgcolorbox' rel='example428'  href='https:\/\/farm9.staticflickr.com\/8680\/16530874180_4c959f012c_b.jpg' title='Branko Lustig, Dani antifa\u0161izma 2015, UABA Opatija, Ve\u010der filma'><img class='afg-img' title='Branko Lustig, Dani antifa\u0161izma 2015, UABA Opatija, Ve\u010der filma' src='https:\/\/farm9.static.flickr.com\/8680\/16530874180_4c959f012c_m.jpg' alt='Branko Lustig, Dani antifa\u0161izma 2015, UABA Opatija, Ve\u010der filma \u2022 &lt;a style=&quot;font-size:0.8em;&quot; href=&quot;http:\/\/www.flickr.com\/photos\/101598051@N08\/16530874180\/&quot; target=&quot;_blank&quot;&gt;View on Flickr&lt;\/a&gt;'\/><\/a><\/div><\/div><div class='afg-row'><div class='afg-cell' style='width:33%;'><a class='afgcolorbox' rel='example428'  href='https:\/\/farm9.staticflickr.com\/8579\/16530727158_25946589ab_b.jpg' title='Branko Lustig, Dani antifa\u0161izma 2015, UABA Opatija, Ve\u010der filma'><img class='afg-img' title='Branko Lustig, Dani antifa\u0161izma 2015, UABA Opatija, Ve\u010der filma' src='https:\/\/farm9.static.flickr.com\/8579\/16530727158_25946589ab_m.jpg' alt='Branko Lustig, Dani antifa\u0161izma 2015, UABA Opatija, Ve\u010der filma \u2022 &lt;a style=&quot;font-size:0.8em;&quot; href=&quot;http:\/\/www.flickr.com\/photos\/101598051@N08\/16530727158\/&quot; target=&quot;_blank&quot;&gt;View on Flickr&lt;\/a&gt;'\/><\/a><\/div><div class='afg-cell' style='width:33%;'><a class='afgcolorbox' rel='example428'  href='https:\/\/farm9.staticflickr.com\/8678\/16098347983_b03066a4d8_b.jpg' title='Branko Lustig, Dani antifa\u0161izma 2015, UABA Opatija, Ve\u010der filma'><img class='afg-img' title='Branko Lustig, Dani antifa\u0161izma 2015, UABA Opatija, Ve\u010der filma' src='https:\/\/farm9.static.flickr.com\/8678\/16098347983_b03066a4d8_m.jpg' alt='Branko Lustig, Dani antifa\u0161izma 2015, UABA Opatija, Ve\u010der filma \u2022 &lt;a style=&quot;font-size:0.8em;&quot; href=&quot;http:\/\/www.flickr.com\/photos\/101598051@N08\/16098347983\/&quot; target=&quot;_blank&quot;&gt;View on Flickr&lt;\/a&gt;'\/><\/a><\/div><div class='afg-cell' style='width:33%;'><a class='afgcolorbox' rel='example428'  href='https:\/\/farm9.staticflickr.com\/8604\/16717026561_89cfe999d4_b.jpg' title='Branko Lustig, Dani antifa\u0161izma 2015, UABA Opatija, Ve\u010der filma'><img class='afg-img' title='Branko Lustig, Dani antifa\u0161izma 2015, UABA Opatija, Ve\u010der filma' src='https:\/\/farm9.static.flickr.com\/8604\/16717026561_89cfe999d4_m.jpg' alt='Branko Lustig, Dani antifa\u0161izma 2015, UABA Opatija, Ve\u010der filma \u2022 &lt;a style=&quot;font-size:0.8em;&quot; href=&quot;http:\/\/www.flickr.com\/photos\/101598051@N08\/16717026561\/&quot; target=&quot;_blank&quot;&gt;View on Flickr&lt;\/a&gt;'\/><\/a><\/div><\/div><div class='afg-row'><div class='afg-cell' style='width:33%;'><a class='afgcolorbox' rel='example428'  href='https:\/\/farm9.staticflickr.com\/8664\/16717225772_f4198c30bc_b.jpg' title='Branko Lustig, Dani antifa\u0161izma 2015, UABA Opatija, Ve\u010der filma'><img class='afg-img' title='Branko Lustig, Dani antifa\u0161izma 2015, UABA Opatija, Ve\u010der filma' src='https:\/\/farm9.static.flickr.com\/8664\/16717225772_f4198c30bc_m.jpg' alt='Branko Lustig, Dani antifa\u0161izma 2015, UABA Opatija, Ve\u010der filma \u2022 &lt;a style=&quot;font-size:0.8em;&quot; href=&quot;http:\/\/www.flickr.com\/photos\/101598051@N08\/16717225772\/&quot; target=&quot;_blank&quot;&gt;View on Flickr&lt;\/a&gt;'\/><\/a><\/div><div class='afg-cell' style='width:33%;'><a class='afgcolorbox' rel='example428'  href='https:\/\/farm9.staticflickr.com\/8672\/16098346403_6626940d5e_b.jpg' title='Branko Lustig, Dani antifa\u0161izma 2015, UABA Opatija, Ve\u010der filma'><img class='afg-img' title='Branko Lustig, Dani antifa\u0161izma 2015, UABA Opatija, Ve\u010der filma' src='https:\/\/farm9.static.flickr.com\/8672\/16098346403_6626940d5e_m.jpg' alt='Branko Lustig, Dani antifa\u0161izma 2015, UABA Opatija, Ve\u010der filma \u2022 &lt;a style=&quot;font-size:0.8em;&quot; href=&quot;http:\/\/www.flickr.com\/photos\/101598051@N08\/16098346403\/&quot; target=&quot;_blank&quot;&gt;View on Flickr&lt;\/a&gt;'\/><\/a><\/div><div class='afg-cell' style='width:33%;'><a class='afgcolorbox' rel='example428'  href='https:\/\/farm9.staticflickr.com\/8579\/16692393176_707d4d0d94_b.jpg' title='Branko Lustig, Dani antifa\u0161izma 2015, UABA Opatija, Ve\u010der filma'><img class='afg-img' title='Branko Lustig, Dani antifa\u0161izma 2015, UABA Opatija, Ve\u010der filma' src='https:\/\/farm9.static.flickr.com\/8579\/16692393176_707d4d0d94_m.jpg' alt='Branko Lustig, Dani antifa\u0161izma 2015, UABA Opatija, Ve\u010der filma \u2022 &lt;a style=&quot;font-size:0.8em;&quot; href=&quot;http:\/\/www.flickr.com\/photos\/101598051@N08\/16692393176\/&quot; target=&quot;_blank&quot;&gt;View on Flickr&lt;\/a&gt;'\/><\/a><\/div><\/div><div class='afg-row'><div class='afg-cell' style='width:33%;'><a class='afgcolorbox' rel='example428'  href='https:\/\/farm9.staticflickr.com\/8603\/16718295025_9291d4da28_b.jpg' title='Branko Lustig, Dani antifa\u0161izma 2015, UABA Opatija, Ve\u010der filma'><img class='afg-img' title='Branko Lustig, Dani antifa\u0161izma 2015, UABA Opatija, Ve\u010der filma' src='https:\/\/farm9.static.flickr.com\/8603\/16718295025_9291d4da28_m.jpg' alt='Branko Lustig, Dani antifa\u0161izma 2015, UABA Opatija, Ve\u010der filma \u2022 &lt;a style=&quot;font-size:0.8em;&quot; href=&quot;http:\/\/www.flickr.com\/photos\/101598051@N08\/16718295025\/&quot; target=&quot;_blank&quot;&gt;View on Flickr&lt;\/a&gt;'\/><\/a><\/div><div class='afg-cell' style='width:33%;'><a class='afgcolorbox' rel='example428'  href='https:\/\/farm9.staticflickr.com\/8595\/16692391396_470ea9810c_b.jpg' title='Branko Lustig, Dani antifa\u0161izma 2015, UABA Opatija, Ve\u010der filma'><img class='afg-img' title='Branko Lustig, Dani antifa\u0161izma 2015, UABA Opatija, Ve\u010der filma' src='https:\/\/farm9.static.flickr.com\/8595\/16692391396_470ea9810c_m.jpg' alt='Branko Lustig, Dani antifa\u0161izma 2015, UABA Opatija, Ve\u010der filma \u2022 &lt;a style=&quot;font-size:0.8em;&quot; href=&quot;http:\/\/www.flickr.com\/photos\/101598051@N08\/16692391396\/&quot; target=&quot;_blank&quot;&gt;View on Flickr&lt;\/a&gt;'\/><\/a><\/div><div class='afg-cell' style='width:33%;'><a class='afgcolorbox' rel='example428'  href='https:\/\/farm9.staticflickr.com\/8624\/16717022741_3b18c79b60_b.jpg' title='Branko Lustig, Dani antifa\u0161izma 2015, UABA Opatija, Ve\u010der filma'><img class='afg-img' title='Branko Lustig, Dani antifa\u0161izma 2015, UABA Opatija, Ve\u010der filma' src='https:\/\/farm9.static.flickr.com\/8624\/16717022741_3b18c79b60_m.jpg' alt='Branko Lustig, Dani antifa\u0161izma 2015, UABA Opatija, Ve\u010der filma \u2022 &lt;a style=&quot;font-size:0.8em;&quot; href=&quot;http:\/\/www.flickr.com\/photos\/101598051@N08\/16717022741\/&quot; target=&quot;_blank&quot;&gt;View on Flickr&lt;\/a&gt;'\/><\/a><\/div><\/div><div class='afg-row'><div class='afg-cell' style='width:33%;'><a class='afgcolorbox' rel='example428'  href='https:\/\/farm9.staticflickr.com\/8581\/16532170229_5fd5ef560a_b.jpg' title='Branko Lustig, Dani antifa\u0161izma 2015, UABA Opatija, Ve\u010der filma'><img class='afg-img' title='Branko Lustig, Dani antifa\u0161izma 2015, UABA Opatija, Ve\u010der filma' src='https:\/\/farm9.static.flickr.com\/8581\/16532170229_5fd5ef560a_m.jpg' alt='Branko Lustig, Dani antifa\u0161izma 2015, UABA Opatija, Ve\u010der filma \u2022 &lt;a style=&quot;font-size:0.8em;&quot; href=&quot;http:\/\/www.flickr.com\/photos\/101598051@N08\/16532170229\/&quot; target=&quot;_blank&quot;&gt;View on Flickr&lt;\/a&gt;'\/><\/a><\/div><div class='afg-cell' style='width:33%;'><a class='afgcolorbox' rel='example428'  href='https:\/\/farm9.staticflickr.com\/8570\/16692388936_21fd243d44_b.jpg' title='Branko Lustig, Dani antifa\u0161izma 2015, UABA Opatija, Ve\u010der filma'><img class='afg-img' title='Branko Lustig, Dani antifa\u0161izma 2015, UABA Opatija, Ve\u010der filma' src='https:\/\/farm9.static.flickr.com\/8570\/16692388936_21fd243d44_m.jpg' alt='Branko Lustig, Dani antifa\u0161izma 2015, UABA Opatija, Ve\u010der filma \u2022 &lt;a style=&quot;font-size:0.8em;&quot; href=&quot;http:\/\/www.flickr.com\/photos\/101598051@N08\/16692388936\/&quot; target=&quot;_blank&quot;&gt;View on Flickr&lt;\/a&gt;'\/><\/a><\/div><div class='afg-cell' style='width:33%;'><a class='afgcolorbox' rel='example428'  href='https:\/\/farm9.staticflickr.com\/8579\/16098341053_7a3356f4f5_b.jpg' title='Branko Lustig, Dani antifa\u0161izma 2015, UABA Opatija, Ve\u010der filma'><img class='afg-img' title='Branko Lustig, Dani antifa\u0161izma 2015, UABA Opatija, Ve\u010der filma' src='https:\/\/farm9.static.flickr.com\/8579\/16098341053_7a3356f4f5_m.jpg' alt='Branko Lustig, Dani antifa\u0161izma 2015, UABA Opatija, Ve\u010der filma \u2022 &lt;a style=&quot;font-size:0.8em;&quot; href=&quot;http:\/\/www.flickr.com\/photos\/101598051@N08\/16098341053\/&quot; target=&quot;_blank&quot;&gt;View on Flickr&lt;\/a&gt;'\/><\/a><\/div><\/div><div class='afg-row'><div class='afg-cell' style='width:33%;'><a class='afgcolorbox' rel='example428'  href='https:\/\/farm9.staticflickr.com\/8625\/16095974184_7a266e934f_b.jpg' title='Branko Lustig, Dani antifa\u0161izma 2015, UABA Opatija, Ve\u010der filma'><img class='afg-img' title='Branko Lustig, Dani antifa\u0161izma 2015, UABA Opatija, Ve\u010der filma' src='https:\/\/farm9.static.flickr.com\/8625\/16095974184_7a266e934f_m.jpg' alt='Branko Lustig, Dani antifa\u0161izma 2015, UABA Opatija, Ve\u010der filma \u2022 &lt;a style=&quot;font-size:0.8em;&quot; href=&quot;http:\/\/www.flickr.com\/photos\/101598051@N08\/16095974184\/&quot; target=&quot;_blank&quot;&gt;View on Flickr&lt;\/a&gt;'\/><\/a><\/div><div class='afg-cell' style='width:33%;'><a class='afgcolorbox' rel='example428'  href='https:\/\/farm9.staticflickr.com\/8671\/16511015387_f3d1176c94_b.jpg' title='Branko Lustig, Dani antifa\u0161izma 2015, UABA Opatija, Ve\u010der filma'><img class='afg-img' title='Branko Lustig, Dani antifa\u0161izma 2015, UABA Opatija, Ve\u010der filma' src='https:\/\/farm9.static.flickr.com\/8671\/16511015387_f3d1176c94_m.jpg' alt='Branko Lustig, Dani antifa\u0161izma 2015, UABA Opatija, Ve\u010der filma \u2022 &lt;a style=&quot;font-size:0.8em;&quot; href=&quot;http:\/\/www.flickr.com\/photos\/101598051@N08\/16511015387\/&quot; target=&quot;_blank&quot;&gt;View on Flickr&lt;\/a&gt;'\/><\/a><\/div><div class='afg-cell' style='width:33%;'><a class='afgcolorbox' rel='example428'  href='https:\/\/farm9.staticflickr.com\/8681\/16692414176_008699665b_b.jpg' title='Branko Lustig, Dani antifa\u0161izma 2015, UABA Opatija, Ve\u010der filma'><img class='afg-img' title='Branko Lustig, Dani antifa\u0161izma 2015, UABA Opatija, Ve\u010der filma' src='https:\/\/farm9.static.flickr.com\/8681\/16692414176_008699665b_m.jpg' alt='Branko Lustig, Dani antifa\u0161izma 2015, UABA Opatija, Ve\u010der filma \u2022 &lt;a style=&quot;font-size:0.8em;&quot; href=&quot;http:\/\/www.flickr.com\/photos\/101598051@N08\/16692414176\/&quot; target=&quot;_blank&quot;&gt;View on Flickr&lt;\/a&gt;'\/><\/a><\/div><\/div><div class='afg-row'><div class='afg-cell' style='width:33%;'><a class='afgcolorbox' rel='example428'  href='https:\/\/farm9.staticflickr.com\/8585\/16692413486_5be04acb54_b.jpg' title='Branko Lustig, Dani antifa\u0161izma 2015, UABA Opatija, Ve\u010der filma'><img class='afg-img' title='Branko Lustig, Dani antifa\u0161izma 2015, UABA Opatija, Ve\u010der filma' src='https:\/\/farm9.static.flickr.com\/8585\/16692413486_5be04acb54_m.jpg' alt='Branko Lustig, Dani antifa\u0161izma 2015, UABA Opatija, Ve\u010der filma \u2022 &lt;a style=&quot;font-size:0.8em;&quot; href=&quot;http:\/\/www.flickr.com\/photos\/101598051@N08\/16692413486\/&quot; target=&quot;_blank&quot;&gt;View on Flickr&lt;\/a&gt;'\/><\/a><\/div><div class='afg-cell' style='width:33%;'><a class='afgcolorbox' rel='example428'  href='https:\/\/farm9.staticflickr.com\/8678\/16717043651_dbb3ff1216_b.jpg' title='Branko Lustig, Dani antifa\u0161izma 2015, UABA Opatija, Ve\u010der filma'><img class='afg-img' title='Branko Lustig, Dani antifa\u0161izma 2015, UABA Opatija, Ve\u010der filma' src='https:\/\/farm9.static.flickr.com\/8678\/16717043651_dbb3ff1216_m.jpg' alt='Branko Lustig, Dani antifa\u0161izma 2015, UABA Opatija, Ve\u010der filma \u2022 &lt;a style=&quot;font-size:0.8em;&quot; href=&quot;http:\/\/www.flickr.com\/photos\/101598051@N08\/16717043651\/&quot; target=&quot;_blank&quot;&gt;View on Flickr&lt;\/a&gt;'\/><\/a><\/div><a style='display:none' class='afgcolorbox' rel='example428'  href='https:\/\/farm9.staticflickr.com\/8586\/16718313625_5b56458861_b.jpg' title='Branko Lustig, Dani antifa\u0161izma 2015, UABA Opatija, Ve\u010der filma'> <img class='afg-img' alt='Branko Lustig, Dani antifa\u0161izma 2015, UABA Opatija, Ve\u010der filma \u2022 &lt;a style=&quot;font-size:0.8em;&quot; href=&quot;http:\/\/www.flickr.com\/photos\/101598051@N08\/16718313625\/&quot; target=&quot;_blank&quot;&gt;View on Flickr&lt;\/a&gt;'  width='75' height='75'><\/a> <a style='display:none' class='afgcolorbox' rel='example428'  href='https:\/\/farm9.staticflickr.com\/8644\/16530887350_cd74425168_b.jpg' title='Branko Lustig, Dani antifa\u0161izma 2015, UABA Opatija, Ve\u010der filma'> <img class='afg-img' alt='Branko Lustig, Dani antifa\u0161izma 2015, UABA Opatija, Ve\u010der filma \u2022 &lt;a style=&quot;font-size:0.8em;&quot; href=&quot;http:\/\/www.flickr.com\/photos\/101598051@N08\/16530887350\/&quot; target=&quot;_blank&quot;&gt;View on Flickr&lt;\/a&gt;'  width='75' height='75'><\/a> <a style='display:none' class='afgcolorbox' rel='example428'  href='https:\/\/farm9.staticflickr.com\/8665\/16098361883_b31dfe7b7d_b.jpg' title='Branko Lustig, Dani antifa\u0161izma 2015, UABA Opatija, Ve\u010der filma'> <img class='afg-img' alt='Branko Lustig, Dani antifa\u0161izma 2015, UABA Opatija, Ve\u010der filma \u2022 &lt;a style=&quot;font-size:0.8em;&quot; href=&quot;http:\/\/www.flickr.com\/photos\/101598051@N08\/16098361883\/&quot; target=&quot;_blank&quot;&gt;View on Flickr&lt;\/a&gt;'  width='75' height='75'><\/a> <a style='display:none' class='afgcolorbox' rel='example428'  href='https:\/\/farm9.staticflickr.com\/8657\/16530738568_1fea99cc98_b.jpg' title='Branko Lustig, Dani antifa\u0161izma 2015, UABA Opatija, Ve\u010der filma'> <img class='afg-img' alt='Branko Lustig, Dani antifa\u0161izma 2015, UABA Opatija, Ve\u010der filma \u2022 &lt;a style=&quot;font-size:0.8em;&quot; href=&quot;http:\/\/www.flickr.com\/photos\/101598051@N08\/16530738568\/&quot; target=&quot;_blank&quot;&gt;View on Flickr&lt;\/a&gt;'  width='75' height='75'><\/a> <a style='display:none' class='afgcolorbox' rel='example428'  href='https:\/\/farm9.staticflickr.com\/8578\/16095993584_8681cb561f_b.jpg' title='Branko Lustig, Dani antifa\u0161izma 2015, UABA Opatija, Ve\u010der filma'> <img class='afg-img' alt='Branko Lustig, Dani antifa\u0161izma 2015, UABA Opatija, Ve\u010der filma \u2022 &lt;a style=&quot;font-size:0.8em;&quot; href=&quot;http:\/\/www.flickr.com\/photos\/101598051@N08\/16095993584\/&quot; target=&quot;_blank&quot;&gt;View on Flickr&lt;\/a&gt;'  width='75' height='75'><\/a> <a style='display:none' class='afgcolorbox' rel='example428'  href='https:\/\/farm9.staticflickr.com\/8631\/16717238372_68c3580e2c_b.jpg' title='Branko Lustig, Dani antifa\u0161izma 2015, UABA Opatija, Ve\u010der filma'> <img class='afg-img' alt='Branko Lustig, Dani antifa\u0161izma 2015, UABA Opatija, Ve\u010der filma \u2022 &lt;a style=&quot;font-size:0.8em;&quot; href=&quot;http:\/\/www.flickr.com\/photos\/101598051@N08\/16717238372\/&quot; target=&quot;_blank&quot;&gt;View on Flickr&lt;\/a&gt;'  width='75' height='75'><\/a> <a style='display:none' class='afgcolorbox' rel='example428'  href='https:\/\/farm9.staticflickr.com\/8636\/16095992184_c16afcb344_b.jpg' title='Branko Lustig, Dani antifa\u0161izma 2015, UABA Opatija, Ve\u010der filma'> <img class='afg-img' alt='Branko Lustig, Dani antifa\u0161izma 2015, UABA Opatija, Ve\u010der filma \u2022 &lt;a style=&quot;font-size:0.8em;&quot; href=&quot;http:\/\/www.flickr.com\/photos\/101598051@N08\/16095992184\/&quot; target=&quot;_blank&quot;&gt;View on Flickr&lt;\/a&gt;'  width='75' height='75'><\/a> <a style='display:none' class='afgcolorbox' rel='example428'  href='https:\/\/farm9.staticflickr.com\/8575\/16717036941_4ed8133898_b.jpg' title='Branko Lustig, Dani antifa\u0161izma 2015, UABA Opatija, Ve\u010der filma'> <img class='afg-img' alt='Branko Lustig, Dani antifa\u0161izma 2015, UABA Opatija, Ve\u010der filma \u2022 &lt;a style=&quot;font-size:0.8em;&quot; href=&quot;http:\/\/www.flickr.com\/photos\/101598051@N08\/16717036941\/&quot; target=&quot;_blank&quot;&gt;View on Flickr&lt;\/a&gt;'  width='75' height='75'><\/a> <a style='display:none' class='afgcolorbox' rel='example428'  href='https:\/\/farm9.staticflickr.com\/8602\/16692404696_4ca832afed_b.jpg' title='Branko Lustig, Dani antifa\u0161izma 2015, UABA Opatija, Ve\u010der filma'> <img class='afg-img' alt='Branko Lustig, Dani antifa\u0161izma 2015, UABA Opatija, Ve\u010der filma \u2022 &lt;a style=&quot;font-size:0.8em;&quot; href=&quot;http:\/\/www.flickr.com\/photos\/101598051@N08\/16692404696\/&quot; target=&quot;_blank&quot;&gt;View on Flickr&lt;\/a&gt;'  width='75' height='75'><\/a> <a style='display:none' class='afgcolorbox' rel='example428'  href='https:\/\/farm9.staticflickr.com\/8634\/16692403546_04c1021df6_b.jpg' title='Branko Lustig, Dani antifa\u0161izma 2015, UABA Opatija, Ve\u010der filma'> <img class='afg-img' alt='Branko Lustig, Dani antifa\u0161izma 2015, UABA Opatija, Ve\u010der filma \u2022 &lt;a style=&quot;font-size:0.8em;&quot; href=&quot;http:\/\/www.flickr.com\/photos\/101598051@N08\/16692403546\/&quot; target=&quot;_blank&quot;&gt;View on Flickr&lt;\/a&gt;'  width='75' height='75'><\/a> <a style='display:none' class='afgcolorbox' rel='example428'  href='https:\/\/farm9.staticflickr.com\/8591\/16717234592_758a214f35_b.jpg' title='Branko Lustig, Dani antifa\u0161izma 2015, UABA Opatija, Ve\u010der filma'> <img class='afg-img' alt='Branko Lustig, Dani antifa\u0161izma 2015, UABA Opatija, Ve\u010der filma \u2022 &lt;a style=&quot;font-size:0.8em;&quot; href=&quot;http:\/\/www.flickr.com\/photos\/101598051@N08\/16717234592\/&quot; target=&quot;_blank&quot;&gt;View on Flickr&lt;\/a&gt;'  width='75' height='75'><\/a> <a style='display:none' class='afgcolorbox' rel='example428'  href='https:\/\/farm9.staticflickr.com\/8631\/16511029627_fe3ea67f48_b.jpg' title='Branko Lustig, Dani antifa\u0161izma 2015, UABA Opatija, Ve\u010der filma'> <img class='afg-img' alt='Branko Lustig, Dani antifa\u0161izma 2015, UABA Opatija, Ve\u010der filma \u2022 &lt;a style=&quot;font-size:0.8em;&quot; href=&quot;http:\/\/www.flickr.com\/photos\/101598051@N08\/16511029627\/&quot; target=&quot;_blank&quot;&gt;View on Flickr&lt;\/a&gt;'  width='75' height='75'><\/a> <a style='display:none' class='afgcolorbox' rel='example428'  href='https:\/\/farm9.staticflickr.com\/8647\/16717033311_095ebd1b85_b.jpg' title='Branko Lustig, Dani antifa\u0161izma 2015, UABA Opatija, Ve\u010der filma'> <img class='afg-img' alt='Branko Lustig, Dani antifa\u0161izma 2015, UABA Opatija, Ve\u010der filma \u2022 &lt;a style=&quot;font-size:0.8em;&quot; href=&quot;http:\/\/www.flickr.com\/photos\/101598051@N08\/16717033311\/&quot; target=&quot;_blank&quot;&gt;View on Flickr&lt;\/a&gt;'  width='75' height='75'><\/a> <a style='display:none' class='afgcolorbox' rel='example428'  href='https:\/\/farm9.staticflickr.com\/8627\/16717232112_943c150909_b.jpg' title='Branko Lustig, Dani antifa\u0161izma 2015, UABA Opatija, Ve\u010der filma'> <img class='afg-img' alt='Branko Lustig, Dani antifa\u0161izma 2015, UABA Opatija, Ve\u010der filma \u2022 &lt;a style=&quot;font-size:0.8em;&quot; href=&quot;http:\/\/www.flickr.com\/photos\/101598051@N08\/16717232112\/&quot; target=&quot;_blank&quot;&gt;View on Flickr&lt;\/a&gt;'  width='75' height='75'><\/a> <a style='display:none' class='afgcolorbox' rel='example428'  href='https:\/\/farm9.staticflickr.com\/8676\/16532179729_d02a4334cd_b.jpg' title='Branko Lustig, Dani antifa\u0161izma 2015, UABA Opatija, Ve\u010der filma'> <img class='afg-img' alt='Branko Lustig, Dani antifa\u0161izma 2015, UABA Opatija, Ve\u010der filma \u2022 &lt;a style=&quot;font-size:0.8em;&quot; href=&quot;http:\/\/www.flickr.com\/photos\/101598051@N08\/16532179729\/&quot; target=&quot;_blank&quot;&gt;View on Flickr&lt;\/a&gt;'  width='75' height='75'><\/a> <\/div><\/div><div class='afg-pagination'><br \/><br \/><font class='afg-page'>&nbsp;&#171; prev&nbsp;<\/font>&nbsp;&nbsp;&nbsp;&nbsp;<font class='afg-cur-page'> 1 <\/font>&nbsp;<a class='afg-page' href='http:\/\/www.uaba-opatija.hr\/index.php\/wp-json\/wp\/v2\/posts\/299?afg28_page_id=2#afg-28' title='Page 2'>&nbsp;2 <\/a>&nbsp;&nbsp;&nbsp;&nbsp;<a class='afg-page' href='http:\/\/www.uaba-opatija.hr\/index.php\/wp-json\/wp\/v2\/posts\/299?afg28_page_id=2#afg-28' title='Next Page'> next &#187; <\/a>&nbsp;<br \/>(35 Photos)<\/div><\/div><!-- Awesome Flickr Gallery End --><\/p>\n","protected":false},"excerpt":{"rendered":"<p>\u0160esto izdanje Dana antifa\u0161izma u Opatiji (DAF), u organizaciji UABA grada Opatije i Gimanzije Eugena Kumi\u010di\u0107a, zapo\u010delo je danas. Prepuna Vila Antonio bila je premala za velik broj posjetitelja, \u0161kolaraca i znati\u017eeljnih koji su htjeli prisustvovati tematskoj ve\u010deri filma. Razlog tome djelomi\u010dno le\u017ei i u gostu ve\u010deri, oskarovcu Branku Lustigu koji je svojim prisustvom dao &hellip; <\/p>\n<p class=\"link-more\"><a href=\"http:\/\/www.uaba-opatija.hr\/index.php\/dani-antifasizma-2015-vecer-filma\/\" class=\"more-link\">Nastavi \u010ditati<span class=\"screen-reader-text\"> &#8220;Dani antifa\u0161izma 2015 &#8211; Ve\u010der filma&#8221;<\/span><\/a><\/p>\n","protected":false},"author":1,"featured_media":0,"comment_status":"closed","ping_status":"open","sticky":false,"template":"","format":"standard","meta":{"_monsterinsights_skip_tracking":false,"_monsterinsights_sitenote_active":false,"_monsterinsights_sitenote_note":"","_monsterinsights_sitenote_category":0,"footnotes":""},"categories":[6,9,3],"tags":[],"class_list":["post-299","post","type-post","status-publish","format-standard","hentry","category-daf-novi","category-galerija-foto","category-novosti"],"_links":{"self":[{"href":"http:\/\/www.uaba-opatija.hr\/index.php\/wp-json\/wp\/v2\/posts\/299","targetHints":{"allow":["GET"]}}],"collection":[{"href":"http:\/\/www.uaba-opatija.hr\/index.php\/wp-json\/wp\/v2\/posts"}],"about":[{"href":"http:\/\/www.uaba-opatija.hr\/index.php\/wp-json\/wp\/v2\/types\/post"}],"author":[{"embeddable":true,"href":"http:\/\/www.uaba-opatija.hr\/index.php\/wp-json\/wp\/v2\/users\/1"}],"replies":[{"embeddable":true,"href":"http:\/\/www.uaba-opatija.hr\/index.php\/wp-json\/wp\/v2\/comments?post=299"}],"version-history":[{"count":3,"href":"http:\/\/www.uaba-opatija.hr\/index.php\/wp-json\/wp\/v2\/posts\/299\/revisions"}],"predecessor-version":[{"id":302,"href":"http:\/\/www.uaba-opatija.hr\/index.php\/wp-json\/wp\/v2\/posts\/299\/revisions\/302"}],"wp:attachment":[{"href":"http:\/\/www.uaba-opatija.hr\/index.php\/wp-json\/wp\/v2\/media?parent=299"}],"wp:term":[{"taxonomy":"category","embeddable":true,"href":"http:\/\/www.uaba-opatija.hr\/index.php\/wp-json\/wp\/v2\/categories?post=299"},{"taxonomy":"post_tag","embeddable":true,"href":"http:\/\/www.uaba-opatija.hr\/index.php\/wp-json\/wp\/v2\/tags?post=299"}],"curies":[{"name":"wp","href":"https:\/\/api.w.org\/{rel}","templated":true}]}}