{"id":303,"date":"2015-03-05T14:46:45","date_gmt":"2015-03-05T13:46:45","guid":{"rendered":"http:\/\/www.uaba-opatija.hr\/?p=303"},"modified":"2015-03-05T19:50:29","modified_gmt":"2015-03-05T18:50:29","slug":"dani-antifasizma-2015-lipa-predavanje-i-posjet","status":"publish","type":"post","link":"http:\/\/www.uaba-opatija.hr\/index.php\/dani-antifasizma-2015-lipa-predavanje-i-posjet\/","title":{"rendered":"Dani antifa\u0161izma 2015 &#8211; Lipa predavanje i posjet"},"content":{"rendered":"<p class=\"western\"><span style=\"font-size: large;\">Drugi dan Dana antifa\u0161izma u Opatiji namijenjen je uvijek mladima, pa se u Vili Antonio u 11 sati na\u0161lo po 10 \u0111aka svake opatijske \u0161kole. Bili su nazo\u010dni i uva\u017eeni gosti: opatijska dogradona\u010delnica <\/span><span style=\"font-size: large;\"><b>Marina Ga\u0161pari\u0107 <\/b><\/span><span style=\"font-size: large;\"> i <\/span><span style=\"font-size: large;\"><b>mons.<\/b><\/span> <span style=\"font-size: large;\"><b>Sanjin Franceti\u0107<\/b><\/span><span style=\"font-size: large;\">, izaslanik rije\u010dkog nadbiskupa dr. Ivana Dev\u010di\u0107a sa asistentom. Predsjednik UABA Mandi\u0107 u ime organizatora, pozdraviv\u0161i nazo\u010dne, iskazao je zadovoljstvo nazo\u010dno\u0161\u0107u mons. Franceti\u0107a kojeg sa na\u0161om udrugom povezuje okolnost da potje\u010de iz partizanske obitelji.<\/span><\/p>\n<p class=\"western\"><span style=\"font-size: large;\">Radni dan se sastojao iz nekoliko \u201esata povijesti\u201c koje su prezentirali prof. Tatjana Mateti\u0107, voditeljica 2.dana, Ivo Mileusni\u0107, kustos Pomorskog i povijesnog muzeja hrvatskog primorja Rijeka i Vana Goji\u0107, kustos muzeja Spomen dom Lipa. Poanta je bila na prezentaciji niza zlo\u010dina iz Drugog svjetskog rata u kojima je stradao velik broj djece. Tako: Lidice (140), Oradur (200) i Lipa (30% svih).<\/span><\/p>\n<p class=\"western\"><span style=\"font-size: large;\">Radni je dan u\u010denika zavr\u0161io odlaskom autobusom u Lipu gdje su pod stru\u010dnim vodstvom pregledali popri\u0161te zlo\u010dina od pred 7 desetlje\u0107a.<\/span><\/p>\n<p style=\"text-align: center;\"><!-- Awesome Flickr Gallery Start --><!-- - Version - 3.5.6 - User ID - 101598051@N08 - Photoset ID -  - Gallery ID -  - Group ID -  - Tags - Lipa posjet - Popular -  - Per Page - 15 - Sort Order - flickr - Photo Size - _m - Custom Size - 0 - Square - false - Captions - off - Description - off - Columns - 3 - Credit Note - off - Background Color - Transparent - Width - auto - Pagination - on - Slideshow - colorbox - Disable slideshow? - --><div class='afg-gallery custom-gallery-29' id='afg-29' style='background-color:Transparent; width:100%; color:; border-color:Transparent;'><div class='afg-table' style='width:100%'><div class='afg-row'><div class='afg-cell' style='width:33%;'><a class='afgcolorbox' rel='example429'  href='https:\/\/farm9.staticflickr.com\/8586\/16103797843_ab996428b5_b.jpg' title='Dani antifa\u0161izma 2015,  Lipa posjet, UABA Opatija'><img class='afg-img' title='Dani antifa\u0161izma 2015,  Lipa posjet, UABA Opatija' src='https:\/\/farm9.static.flickr.com\/8586\/16103797843_ab996428b5_m.jpg' alt='Dani antifa\u0161izma 2015,  Lipa posjet, UABA Opatija \u2022 &lt;a style=&quot;font-size:0.8em;&quot; href=&quot;http:\/\/www.flickr.com\/photos\/101598051@N08\/16103797843\/&quot; target=&quot;_blank&quot;&gt;View on Flickr&lt;\/a&gt;'\/><\/a><\/div><div class='afg-cell' style='width:33%;'><a class='afgcolorbox' rel='example429'  href='https:\/\/farm9.staticflickr.com\/8668\/16101430524_3ff138f4bf_b.jpg' title='Dani antifa\u0161izma 2015,  Lipa posjet, UABA Opatija'><img class='afg-img' title='Dani antifa\u0161izma 2015,  Lipa posjet, UABA Opatija' src='https:\/\/farm9.static.flickr.com\/8668\/16101430524_3ff138f4bf_m.jpg' alt='Dani antifa\u0161izma 2015,  Lipa posjet, UABA Opatija \u2022 &lt;a style=&quot;font-size:0.8em;&quot; href=&quot;http:\/\/www.flickr.com\/photos\/101598051@N08\/16101430524\/&quot; target=&quot;_blank&quot;&gt;View on Flickr&lt;\/a&gt;'\/><\/a><\/div><div class='afg-cell' style='width:33%;'><a class='afgcolorbox' rel='example429'  href='https:\/\/farm9.staticflickr.com\/8681\/16537627199_fa0774dc4b_b.jpg' title='Dani antifa\u0161izma 2015,  Lipa posjet, UABA Opatija'><img class='afg-img' title='Dani antifa\u0161izma 2015,  Lipa posjet, UABA Opatija' src='https:\/\/farm9.static.flickr.com\/8681\/16537627199_fa0774dc4b_m.jpg' alt='Dani antifa\u0161izma 2015,  Lipa posjet, UABA Opatija \u2022 &lt;a style=&quot;font-size:0.8em;&quot; href=&quot;http:\/\/www.flickr.com\/photos\/101598051@N08\/16537627199\/&quot; target=&quot;_blank&quot;&gt;View on Flickr&lt;\/a&gt;'\/><\/a><\/div><\/div><div class='afg-row'><div class='afg-cell' style='width:33%;'><a class='afgcolorbox' rel='example429'  href='https:\/\/farm9.staticflickr.com\/8589\/16516464987_ff0a40037c_b.jpg' title='Dani antifa\u0161izma 2015,  Lipa posjet, UABA Opatija'><img class='afg-img' title='Dani antifa\u0161izma 2015,  Lipa posjet, UABA Opatija' src='https:\/\/farm9.static.flickr.com\/8589\/16516464987_ff0a40037c_m.jpg' alt='Dani antifa\u0161izma 2015,  Lipa posjet, UABA Opatija \u2022 &lt;a style=&quot;font-size:0.8em;&quot; href=&quot;http:\/\/www.flickr.com\/photos\/101598051@N08\/16516464987\/&quot; target=&quot;_blank&quot;&gt;View on Flickr&lt;\/a&gt;'\/><\/a><\/div><div class='afg-cell' style='width:33%;'><a class='afgcolorbox' rel='example429'  href='https:\/\/farm9.staticflickr.com\/8613\/16697852936_b9212ceb88_b.jpg' title='Dani antifa\u0161izma 2015,  Lipa posjet, UABA Opatija'><img class='afg-img' title='Dani antifa\u0161izma 2015,  Lipa posjet, UABA Opatija' src='https:\/\/farm9.static.flickr.com\/8613\/16697852936_b9212ceb88_m.jpg' alt='Dani antifa\u0161izma 2015,  Lipa posjet, UABA Opatija \u2022 &lt;a style=&quot;font-size:0.8em;&quot; href=&quot;http:\/\/www.flickr.com\/photos\/101598051@N08\/16697852936\/&quot; target=&quot;_blank&quot;&gt;View on Flickr&lt;\/a&gt;'\/><\/a><\/div><div class='afg-cell' style='width:33%;'><a class='afgcolorbox' rel='example429'  href='https:\/\/farm9.staticflickr.com\/8603\/16722672562_36f782085a_b.jpg' title='Dani antifa\u0161izma 2015,  Lipa posjet, UABA Opatija'><img class='afg-img' title='Dani antifa\u0161izma 2015,  Lipa posjet, UABA Opatija' src='https:\/\/farm9.static.flickr.com\/8603\/16722672562_36f782085a_m.jpg' alt='Dani antifa\u0161izma 2015,  Lipa posjet, UABA Opatija \u2022 &lt;a style=&quot;font-size:0.8em;&quot; href=&quot;http:\/\/www.flickr.com\/photos\/101598051@N08\/16722672562\/&quot; target=&quot;_blank&quot;&gt;View on Flickr&lt;\/a&gt;'\/><\/a><\/div><\/div><div class='afg-row'><div class='afg-cell' style='width:33%;'><a class='afgcolorbox' rel='example429'  href='https:\/\/farm9.staticflickr.com\/8613\/16536323820_b516a5fc07_b.jpg' title='Dani antifa\u0161izma 2015,  Lipa posjet, UABA Opatija'><img class='afg-img' title='Dani antifa\u0161izma 2015,  Lipa posjet, UABA Opatija' src='https:\/\/farm9.static.flickr.com\/8613\/16536323820_b516a5fc07_m.jpg' alt='Dani antifa\u0161izma 2015,  Lipa posjet, UABA Opatija \u2022 &lt;a style=&quot;font-size:0.8em;&quot; href=&quot;http:\/\/www.flickr.com\/photos\/101598051@N08\/16536323820\/&quot; target=&quot;_blank&quot;&gt;View on Flickr&lt;\/a&gt;'\/><\/a><\/div><div class='afg-cell' style='width:33%;'><a class='afgcolorbox' rel='example429'  href='https:\/\/farm9.staticflickr.com\/8672\/16536180878_814c18e40b_b.jpg' title='Dani antifa\u0161izma 2015,  Lipa posjet, UABA Opatija'><img class='afg-img' title='Dani antifa\u0161izma 2015,  Lipa posjet, UABA Opatija' src='https:\/\/farm9.static.flickr.com\/8672\/16536180878_814c18e40b_m.jpg' alt='Dani antifa\u0161izma 2015,  Lipa posjet, UABA Opatija \u2022 &lt;a style=&quot;font-size:0.8em;&quot; href=&quot;http:\/\/www.flickr.com\/photos\/101598051@N08\/16536180878\/&quot; target=&quot;_blank&quot;&gt;View on Flickr&lt;\/a&gt;'\/><\/a><\/div><div class='afg-cell' style='width:33%;'><a class='afgcolorbox' rel='example429'  href='https:\/\/farm9.staticflickr.com\/8580\/16722494671_79ce197bbb_b.jpg' title='Dani antifa\u0161izma 2015,  Lipa posjet, UABA Opatija'><img class='afg-img' title='Dani antifa\u0161izma 2015,  Lipa posjet, UABA Opatija' src='https:\/\/farm9.static.flickr.com\/8580\/16722494671_79ce197bbb_m.jpg' alt='Dani antifa\u0161izma 2015,  Lipa posjet, UABA Opatija \u2022 &lt;a style=&quot;font-size:0.8em;&quot; href=&quot;http:\/\/www.flickr.com\/photos\/101598051@N08\/16722494671\/&quot; target=&quot;_blank&quot;&gt;View on Flickr&lt;\/a&gt;'\/><\/a><\/div><\/div><div class='afg-row'><div class='afg-cell' style='width:33%;'><a class='afgcolorbox' rel='example429'  href='https:\/\/farm9.staticflickr.com\/8622\/16101425124_13de988794_b.jpg' title='Dani antifa\u0161izma 2015,  Lipa posjet, UABA Opatija'><img class='afg-img' title='Dani antifa\u0161izma 2015,  Lipa posjet, UABA Opatija' src='https:\/\/farm9.static.flickr.com\/8622\/16101425124_13de988794_m.jpg' alt='Dani antifa\u0161izma 2015,  Lipa posjet, UABA Opatija \u2022 &lt;a style=&quot;font-size:0.8em;&quot; href=&quot;http:\/\/www.flickr.com\/photos\/101598051@N08\/16101425124\/&quot; target=&quot;_blank&quot;&gt;View on Flickr&lt;\/a&gt;'\/><\/a><\/div><div class='afg-cell' style='width:33%;'><a class='afgcolorbox' rel='example429'  href='https:\/\/farm9.staticflickr.com\/8644\/16723739335_cde1d0ecdc_b.jpg' title='Dani antifa\u0161izma 2015,  Lipa posjet, UABA Opatija'><img class='afg-img' title='Dani antifa\u0161izma 2015,  Lipa posjet, UABA Opatija' src='https:\/\/farm9.static.flickr.com\/8644\/16723739335_cde1d0ecdc_m.jpg' alt='Dani antifa\u0161izma 2015,  Lipa posjet, UABA Opatija \u2022 &lt;a style=&quot;font-size:0.8em;&quot; href=&quot;http:\/\/www.flickr.com\/photos\/101598051@N08\/16723739335\/&quot; target=&quot;_blank&quot;&gt;View on Flickr&lt;\/a&gt;'\/><\/a><\/div><div class='afg-cell' style='width:33%;'><a class='afgcolorbox' rel='example429'  href='https:\/\/farm9.staticflickr.com\/8623\/16722492461_e78016f4df_b.jpg' title='Dani antifa\u0161izma 2015,  Lipa posjet, UABA Opatija'><img class='afg-img' title='Dani antifa\u0161izma 2015,  Lipa posjet, UABA Opatija' src='https:\/\/farm9.static.flickr.com\/8623\/16722492461_e78016f4df_m.jpg' alt='Dani antifa\u0161izma 2015,  Lipa posjet, UABA Opatija \u2022 &lt;a style=&quot;font-size:0.8em;&quot; href=&quot;http:\/\/www.flickr.com\/photos\/101598051@N08\/16722492461\/&quot; target=&quot;_blank&quot;&gt;View on Flickr&lt;\/a&gt;'\/><\/a><\/div><\/div><div class='afg-row'><div class='afg-cell' style='width:33%;'><a class='afgcolorbox' rel='example429'  href='https:\/\/farm9.staticflickr.com\/8653\/16095984914_072ced9f26_b.jpg' title='Branko Lustig, Dani antifa\u0161izma 2015, UABA Opatija, Ve\u010der filma'><img class='afg-img' title='Branko Lustig, Dani antifa\u0161izma 2015, UABA Opatija, Ve\u010der filma' src='https:\/\/farm9.static.flickr.com\/8653\/16095984914_072ced9f26_m.jpg' alt='Branko Lustig, Dani antifa\u0161izma 2015, UABA Opatija, Ve\u010der filma \u2022 &lt;a style=&quot;font-size:0.8em;&quot; href=&quot;http:\/\/www.flickr.com\/photos\/101598051@N08\/16095984914\/&quot; target=&quot;_blank&quot;&gt;View on Flickr&lt;\/a&gt;'\/><\/a><\/div><div class='afg-cell' style='width:33%;'><a class='afgcolorbox' rel='example429'  href='https:\/\/farm9.staticflickr.com\/8644\/16692397676_c2e0934a6d_b.jpg' title='Branko Lustig, Dani antifa\u0161izma 2015, UABA Opatija, Ve\u010der filma'><img class='afg-img' title='Branko Lustig, Dani antifa\u0161izma 2015, UABA Opatija, Ve\u010der filma' src='https:\/\/farm9.static.flickr.com\/8644\/16692397676_c2e0934a6d_m.jpg' alt='Branko Lustig, Dani antifa\u0161izma 2015, UABA Opatija, Ve\u010der filma \u2022 &lt;a style=&quot;font-size:0.8em;&quot; href=&quot;http:\/\/www.flickr.com\/photos\/101598051@N08\/16692397676\/&quot; target=&quot;_blank&quot;&gt;View on Flickr&lt;\/a&gt;'\/><\/a><\/div><div class='afg-cell' style='width:33%;'><a class='afgcolorbox' rel='example429'  href='https:\/\/farm9.staticflickr.com\/8680\/16530874180_4c959f012c_b.jpg' title='Branko Lustig, Dani antifa\u0161izma 2015, UABA Opatija, Ve\u010der filma'><img class='afg-img' title='Branko Lustig, Dani antifa\u0161izma 2015, UABA Opatija, Ve\u010der filma' src='https:\/\/farm9.static.flickr.com\/8680\/16530874180_4c959f012c_m.jpg' alt='Branko Lustig, Dani antifa\u0161izma 2015, UABA Opatija, Ve\u010der filma \u2022 &lt;a style=&quot;font-size:0.8em;&quot; href=&quot;http:\/\/www.flickr.com\/photos\/101598051@N08\/16530874180\/&quot; target=&quot;_blank&quot;&gt;View on Flickr&lt;\/a&gt;'\/><\/a><\/div><\/div><div class='afg-row'><a style='display:none' class='afgcolorbox' rel='example429'  href='https:\/\/farm9.staticflickr.com\/8579\/16530727158_25946589ab_b.jpg' title='Branko Lustig, Dani antifa\u0161izma 2015, UABA Opatija, Ve\u010der filma'> <img class='afg-img' alt='Branko Lustig, Dani antifa\u0161izma 2015, UABA Opatija, Ve\u010der filma \u2022 &lt;a style=&quot;font-size:0.8em;&quot; href=&quot;http:\/\/www.flickr.com\/photos\/101598051@N08\/16530727158\/&quot; target=&quot;_blank&quot;&gt;View on Flickr&lt;\/a&gt;'  width='75' height='75'><\/a> <\/div><div class='afg-row'><a style='display:none' class='afgcolorbox' rel='example429'  href='https:\/\/farm9.staticflickr.com\/8678\/16098347983_b03066a4d8_b.jpg' title='Branko Lustig, Dani antifa\u0161izma 2015, UABA Opatija, Ve\u010der filma'> <img class='afg-img' alt='Branko Lustig, Dani antifa\u0161izma 2015, UABA Opatija, Ve\u010der filma \u2022 &lt;a style=&quot;font-size:0.8em;&quot; href=&quot;http:\/\/www.flickr.com\/photos\/101598051@N08\/16098347983\/&quot; target=&quot;_blank&quot;&gt;View on Flickr&lt;\/a&gt;'  width='75' height='75'><\/a> <\/div><div class='afg-row'><a style='display:none' class='afgcolorbox' rel='example429'  href='https:\/\/farm9.staticflickr.com\/8604\/16717026561_89cfe999d4_b.jpg' title='Branko Lustig, Dani antifa\u0161izma 2015, UABA Opatija, Ve\u010der filma'> <img class='afg-img' alt='Branko Lustig, Dani antifa\u0161izma 2015, UABA Opatija, Ve\u010der filma \u2022 &lt;a style=&quot;font-size:0.8em;&quot; href=&quot;http:\/\/www.flickr.com\/photos\/101598051@N08\/16717026561\/&quot; target=&quot;_blank&quot;&gt;View on Flickr&lt;\/a&gt;'  width='75' height='75'><\/a> <\/div><div class='afg-row'><a style='display:none' class='afgcolorbox' rel='example429'  href='https:\/\/farm9.staticflickr.com\/8664\/16717225772_f4198c30bc_b.jpg' title='Branko Lustig, Dani antifa\u0161izma 2015, UABA Opatija, Ve\u010der filma'> <img class='afg-img' alt='Branko Lustig, Dani antifa\u0161izma 2015, UABA Opatija, Ve\u010der filma \u2022 &lt;a style=&quot;font-size:0.8em;&quot; href=&quot;http:\/\/www.flickr.com\/photos\/101598051@N08\/16717225772\/&quot; target=&quot;_blank&quot;&gt;View on Flickr&lt;\/a&gt;'  width='75' height='75'><\/a> <\/div><div class='afg-row'><a style='display:none' class='afgcolorbox' rel='example429'  href='https:\/\/farm9.staticflickr.com\/8672\/16098346403_6626940d5e_b.jpg' title='Branko Lustig, Dani antifa\u0161izma 2015, UABA Opatija, Ve\u010der filma'> <img class='afg-img' alt='Branko Lustig, Dani antifa\u0161izma 2015, UABA Opatija, Ve\u010der filma \u2022 &lt;a style=&quot;font-size:0.8em;&quot; href=&quot;http:\/\/www.flickr.com\/photos\/101598051@N08\/16098346403\/&quot; target=&quot;_blank&quot;&gt;View on Flickr&lt;\/a&gt;'  width='75' height='75'><\/a> <\/div><div class='afg-row'><a style='display:none' class='afgcolorbox' rel='example429'  href='https:\/\/farm9.staticflickr.com\/8579\/16692393176_707d4d0d94_b.jpg' title='Branko Lustig, Dani antifa\u0161izma 2015, UABA Opatija, Ve\u010der filma'> <img class='afg-img' alt='Branko Lustig, Dani antifa\u0161izma 2015, UABA Opatija, Ve\u010der filma \u2022 &lt;a style=&quot;font-size:0.8em;&quot; href=&quot;http:\/\/www.flickr.com\/photos\/101598051@N08\/16692393176\/&quot; target=&quot;_blank&quot;&gt;View on Flickr&lt;\/a&gt;'  width='75' height='75'><\/a> <\/div><div class='afg-row'><a style='display:none' class='afgcolorbox' rel='example429'  href='https:\/\/farm9.staticflickr.com\/8603\/16718295025_9291d4da28_b.jpg' title='Branko Lustig, Dani antifa\u0161izma 2015, UABA Opatija, Ve\u010der filma'> <img class='afg-img' alt='Branko Lustig, Dani antifa\u0161izma 2015, UABA Opatija, Ve\u010der filma \u2022 &lt;a style=&quot;font-size:0.8em;&quot; href=&quot;http:\/\/www.flickr.com\/photos\/101598051@N08\/16718295025\/&quot; target=&quot;_blank&quot;&gt;View on Flickr&lt;\/a&gt;'  width='75' height='75'><\/a> <\/div><div class='afg-row'><a style='display:none' class='afgcolorbox' rel='example429'  href='https:\/\/farm9.staticflickr.com\/8595\/16692391396_470ea9810c_b.jpg' title='Branko Lustig, Dani antifa\u0161izma 2015, UABA Opatija, Ve\u010der filma'> <img class='afg-img' alt='Branko Lustig, Dani antifa\u0161izma 2015, UABA Opatija, Ve\u010der filma \u2022 &lt;a style=&quot;font-size:0.8em;&quot; href=&quot;http:\/\/www.flickr.com\/photos\/101598051@N08\/16692391396\/&quot; target=&quot;_blank&quot;&gt;View on Flickr&lt;\/a&gt;'  width='75' height='75'><\/a> <\/div><div class='afg-row'><a style='display:none' class='afgcolorbox' rel='example429'  href='https:\/\/farm9.staticflickr.com\/8624\/16717022741_3b18c79b60_b.jpg' title='Branko Lustig, Dani antifa\u0161izma 2015, UABA Opatija, Ve\u010der filma'> <img class='afg-img' alt='Branko Lustig, Dani antifa\u0161izma 2015, UABA Opatija, Ve\u010der filma \u2022 &lt;a style=&quot;font-size:0.8em;&quot; href=&quot;http:\/\/www.flickr.com\/photos\/101598051@N08\/16717022741\/&quot; target=&quot;_blank&quot;&gt;View on Flickr&lt;\/a&gt;'  width='75' height='75'><\/a> <\/div><div class='afg-row'><a style='display:none' class='afgcolorbox' rel='example429'  href='https:\/\/farm9.staticflickr.com\/8581\/16532170229_5fd5ef560a_b.jpg' title='Branko Lustig, Dani antifa\u0161izma 2015, UABA Opatija, Ve\u010der filma'> <img class='afg-img' alt='Branko Lustig, Dani antifa\u0161izma 2015, UABA Opatija, Ve\u010der filma \u2022 &lt;a style=&quot;font-size:0.8em;&quot; href=&quot;http:\/\/www.flickr.com\/photos\/101598051@N08\/16532170229\/&quot; target=&quot;_blank&quot;&gt;View on Flickr&lt;\/a&gt;'  width='75' height='75'><\/a> <\/div><div class='afg-row'><a style='display:none' class='afgcolorbox' rel='example429'  href='https:\/\/farm9.staticflickr.com\/8570\/16692388936_21fd243d44_b.jpg' title='Branko Lustig, Dani antifa\u0161izma 2015, UABA Opatija, Ve\u010der filma'> <img class='afg-img' alt='Branko Lustig, Dani antifa\u0161izma 2015, UABA Opatija, Ve\u010der filma \u2022 &lt;a style=&quot;font-size:0.8em;&quot; href=&quot;http:\/\/www.flickr.com\/photos\/101598051@N08\/16692388936\/&quot; target=&quot;_blank&quot;&gt;View on Flickr&lt;\/a&gt;'  width='75' height='75'><\/a> <\/div><div class='afg-row'><a style='display:none' class='afgcolorbox' rel='example429'  href='https:\/\/farm9.staticflickr.com\/8579\/16098341053_7a3356f4f5_b.jpg' title='Branko Lustig, Dani antifa\u0161izma 2015, UABA Opatija, Ve\u010der filma'> <img class='afg-img' alt='Branko Lustig, Dani antifa\u0161izma 2015, UABA Opatija, Ve\u010der filma \u2022 &lt;a style=&quot;font-size:0.8em;&quot; href=&quot;http:\/\/www.flickr.com\/photos\/101598051@N08\/16098341053\/&quot; target=&quot;_blank&quot;&gt;View on Flickr&lt;\/a&gt;'  width='75' height='75'><\/a> <\/div><div class='afg-row'><a style='display:none' class='afgcolorbox' rel='example429'  href='https:\/\/farm9.staticflickr.com\/8625\/16095974184_7a266e934f_b.jpg' title='Branko Lustig, Dani antifa\u0161izma 2015, UABA Opatija, Ve\u010der filma'> <img class='afg-img' alt='Branko Lustig, Dani antifa\u0161izma 2015, UABA Opatija, Ve\u010der filma \u2022 &lt;a style=&quot;font-size:0.8em;&quot; href=&quot;http:\/\/www.flickr.com\/photos\/101598051@N08\/16095974184\/&quot; target=&quot;_blank&quot;&gt;View on Flickr&lt;\/a&gt;'  width='75' height='75'><\/a> <\/div><div class='afg-row'><a style='display:none' class='afgcolorbox' rel='example429'  href='https:\/\/farm9.staticflickr.com\/8671\/16511015387_f3d1176c94_b.jpg' title='Branko Lustig, Dani antifa\u0161izma 2015, UABA Opatija, Ve\u010der filma'> <img class='afg-img' alt='Branko Lustig, Dani antifa\u0161izma 2015, UABA Opatija, Ve\u010der filma \u2022 &lt;a style=&quot;font-size:0.8em;&quot; href=&quot;http:\/\/www.flickr.com\/photos\/101598051@N08\/16511015387\/&quot; target=&quot;_blank&quot;&gt;View on Flickr&lt;\/a&gt;'  width='75' height='75'><\/a> <\/div><div class='afg-row'><a style='display:none' class='afgcolorbox' rel='example429'  href='https:\/\/farm9.staticflickr.com\/8681\/16692414176_008699665b_b.jpg' title='Branko Lustig, Dani antifa\u0161izma 2015, UABA Opatija, Ve\u010der filma'> <img class='afg-img' alt='Branko Lustig, Dani antifa\u0161izma 2015, UABA Opatija, Ve\u010der filma \u2022 &lt;a style=&quot;font-size:0.8em;&quot; href=&quot;http:\/\/www.flickr.com\/photos\/101598051@N08\/16692414176\/&quot; target=&quot;_blank&quot;&gt;View on Flickr&lt;\/a&gt;'  width='75' height='75'><\/a> <\/div><div class='afg-row'><a style='display:none' class='afgcolorbox' rel='example429'  href='https:\/\/farm9.staticflickr.com\/8585\/16692413486_5be04acb54_b.jpg' title='Branko Lustig, Dani antifa\u0161izma 2015, UABA Opatija, Ve\u010der filma'> <img class='afg-img' alt='Branko Lustig, Dani antifa\u0161izma 2015, UABA Opatija, Ve\u010der filma \u2022 &lt;a style=&quot;font-size:0.8em;&quot; href=&quot;http:\/\/www.flickr.com\/photos\/101598051@N08\/16692413486\/&quot; target=&quot;_blank&quot;&gt;View on Flickr&lt;\/a&gt;'  width='75' height='75'><\/a> <\/div><div class='afg-row'><a style='display:none' class='afgcolorbox' rel='example429'  href='https:\/\/farm9.staticflickr.com\/8678\/16717043651_dbb3ff1216_b.jpg' title='Branko Lustig, Dani antifa\u0161izma 2015, UABA Opatija, Ve\u010der filma'> <img class='afg-img' alt='Branko Lustig, Dani antifa\u0161izma 2015, UABA Opatija, Ve\u010der filma \u2022 &lt;a style=&quot;font-size:0.8em;&quot; href=&quot;http:\/\/www.flickr.com\/photos\/101598051@N08\/16717043651\/&quot; target=&quot;_blank&quot;&gt;View on Flickr&lt;\/a&gt;'  width='75' height='75'><\/a> <\/div><div class='afg-row'><a style='display:none' class='afgcolorbox' rel='example429'  href='https:\/\/farm9.staticflickr.com\/8586\/16718313625_5b56458861_b.jpg' title='Branko Lustig, Dani antifa\u0161izma 2015, UABA Opatija, Ve\u010der filma'> <img class='afg-img' alt='Branko Lustig, Dani antifa\u0161izma 2015, UABA Opatija, Ve\u010der filma \u2022 &lt;a style=&quot;font-size:0.8em;&quot; href=&quot;http:\/\/www.flickr.com\/photos\/101598051@N08\/16718313625\/&quot; target=&quot;_blank&quot;&gt;View on Flickr&lt;\/a&gt;'  width='75' height='75'><\/a> <\/div><div class='afg-row'><a style='display:none' class='afgcolorbox' rel='example429'  href='https:\/\/farm9.staticflickr.com\/8644\/16530887350_cd74425168_b.jpg' title='Branko Lustig, Dani antifa\u0161izma 2015, UABA Opatija, Ve\u010der filma'> <img class='afg-img' alt='Branko Lustig, Dani antifa\u0161izma 2015, UABA Opatija, Ve\u010der filma \u2022 &lt;a style=&quot;font-size:0.8em;&quot; href=&quot;http:\/\/www.flickr.com\/photos\/101598051@N08\/16530887350\/&quot; target=&quot;_blank&quot;&gt;View on Flickr&lt;\/a&gt;'  width='75' height='75'><\/a> <\/div><div class='afg-row'><a style='display:none' class='afgcolorbox' rel='example429'  href='https:\/\/farm9.staticflickr.com\/8665\/16098361883_b31dfe7b7d_b.jpg' title='Branko Lustig, Dani antifa\u0161izma 2015, UABA Opatija, Ve\u010der filma'> <img class='afg-img' alt='Branko Lustig, Dani antifa\u0161izma 2015, UABA Opatija, Ve\u010der filma \u2022 &lt;a style=&quot;font-size:0.8em;&quot; href=&quot;http:\/\/www.flickr.com\/photos\/101598051@N08\/16098361883\/&quot; target=&quot;_blank&quot;&gt;View on Flickr&lt;\/a&gt;'  width='75' height='75'><\/a> <\/div><div class='afg-row'><a style='display:none' class='afgcolorbox' rel='example429'  href='https:\/\/farm9.staticflickr.com\/8657\/16530738568_1fea99cc98_b.jpg' title='Branko Lustig, Dani antifa\u0161izma 2015, UABA Opatija, Ve\u010der filma'> <img class='afg-img' alt='Branko Lustig, Dani antifa\u0161izma 2015, UABA Opatija, Ve\u010der filma \u2022 &lt;a style=&quot;font-size:0.8em;&quot; href=&quot;http:\/\/www.flickr.com\/photos\/101598051@N08\/16530738568\/&quot; target=&quot;_blank&quot;&gt;View on Flickr&lt;\/a&gt;'  width='75' height='75'><\/a> <\/div><div class='afg-row'><a style='display:none' class='afgcolorbox' rel='example429'  href='https:\/\/farm9.staticflickr.com\/8578\/16095993584_8681cb561f_b.jpg' title='Branko Lustig, Dani antifa\u0161izma 2015, UABA Opatija, Ve\u010der filma'> <img class='afg-img' alt='Branko Lustig, Dani antifa\u0161izma 2015, UABA Opatija, Ve\u010der filma \u2022 &lt;a style=&quot;font-size:0.8em;&quot; href=&quot;http:\/\/www.flickr.com\/photos\/101598051@N08\/16095993584\/&quot; target=&quot;_blank&quot;&gt;View on Flickr&lt;\/a&gt;'  width='75' height='75'><\/a> <\/div><div class='afg-row'><a style='display:none' class='afgcolorbox' rel='example429'  href='https:\/\/farm9.staticflickr.com\/8631\/16717238372_68c3580e2c_b.jpg' title='Branko Lustig, Dani antifa\u0161izma 2015, UABA Opatija, Ve\u010der filma'> <img class='afg-img' alt='Branko Lustig, Dani antifa\u0161izma 2015, UABA Opatija, Ve\u010der filma \u2022 &lt;a style=&quot;font-size:0.8em;&quot; href=&quot;http:\/\/www.flickr.com\/photos\/101598051@N08\/16717238372\/&quot; target=&quot;_blank&quot;&gt;View on Flickr&lt;\/a&gt;'  width='75' height='75'><\/a> <\/div><div class='afg-row'><a style='display:none' class='afgcolorbox' rel='example429'  href='https:\/\/farm9.staticflickr.com\/8636\/16095992184_c16afcb344_b.jpg' title='Branko Lustig, Dani antifa\u0161izma 2015, UABA Opatija, Ve\u010der filma'> <img class='afg-img' alt='Branko Lustig, Dani antifa\u0161izma 2015, UABA Opatija, Ve\u010der filma \u2022 &lt;a style=&quot;font-size:0.8em;&quot; href=&quot;http:\/\/www.flickr.com\/photos\/101598051@N08\/16095992184\/&quot; target=&quot;_blank&quot;&gt;View on Flickr&lt;\/a&gt;'  width='75' height='75'><\/a> <\/div><div class='afg-row'><a style='display:none' class='afgcolorbox' rel='example429'  href='https:\/\/farm9.staticflickr.com\/8575\/16717036941_4ed8133898_b.jpg' title='Branko Lustig, Dani antifa\u0161izma 2015, UABA Opatija, Ve\u010der filma'> <img class='afg-img' alt='Branko Lustig, Dani antifa\u0161izma 2015, UABA Opatija, Ve\u010der filma \u2022 &lt;a style=&quot;font-size:0.8em;&quot; href=&quot;http:\/\/www.flickr.com\/photos\/101598051@N08\/16717036941\/&quot; target=&quot;_blank&quot;&gt;View on Flickr&lt;\/a&gt;'  width='75' height='75'><\/a> <\/div><div class='afg-row'><a style='display:none' class='afgcolorbox' rel='example429'  href='https:\/\/farm9.staticflickr.com\/8602\/16692404696_4ca832afed_b.jpg' title='Branko Lustig, Dani antifa\u0161izma 2015, UABA Opatija, Ve\u010der filma'> <img class='afg-img' alt='Branko Lustig, Dani antifa\u0161izma 2015, UABA Opatija, Ve\u010der filma \u2022 &lt;a style=&quot;font-size:0.8em;&quot; href=&quot;http:\/\/www.flickr.com\/photos\/101598051@N08\/16692404696\/&quot; target=&quot;_blank&quot;&gt;View on Flickr&lt;\/a&gt;'  width='75' height='75'><\/a> <\/div><div class='afg-row'><a style='display:none' class='afgcolorbox' rel='example429'  href='https:\/\/farm9.staticflickr.com\/8634\/16692403546_04c1021df6_b.jpg' title='Branko Lustig, Dani antifa\u0161izma 2015, UABA Opatija, Ve\u010der filma'> <img class='afg-img' alt='Branko Lustig, Dani antifa\u0161izma 2015, UABA Opatija, Ve\u010der filma \u2022 &lt;a style=&quot;font-size:0.8em;&quot; href=&quot;http:\/\/www.flickr.com\/photos\/101598051@N08\/16692403546\/&quot; target=&quot;_blank&quot;&gt;View on Flickr&lt;\/a&gt;'  width='75' height='75'><\/a> <\/div><div class='afg-row'><a style='display:none' class='afgcolorbox' rel='example429'  href='https:\/\/farm9.staticflickr.com\/8591\/16717234592_758a214f35_b.jpg' title='Branko Lustig, Dani antifa\u0161izma 2015, UABA Opatija, Ve\u010der filma'> <img class='afg-img' alt='Branko Lustig, Dani antifa\u0161izma 2015, UABA Opatija, Ve\u010der filma \u2022 &lt;a style=&quot;font-size:0.8em;&quot; href=&quot;http:\/\/www.flickr.com\/photos\/101598051@N08\/16717234592\/&quot; target=&quot;_blank&quot;&gt;View on Flickr&lt;\/a&gt;'  width='75' height='75'><\/a> <\/div><div class='afg-row'><a style='display:none' class='afgcolorbox' rel='example429'  href='https:\/\/farm9.staticflickr.com\/8631\/16511029627_fe3ea67f48_b.jpg' title='Branko Lustig, Dani antifa\u0161izma 2015, UABA Opatija, Ve\u010der filma'> <img class='afg-img' alt='Branko Lustig, Dani antifa\u0161izma 2015, UABA Opatija, Ve\u010der filma \u2022 &lt;a style=&quot;font-size:0.8em;&quot; href=&quot;http:\/\/www.flickr.com\/photos\/101598051@N08\/16511029627\/&quot; target=&quot;_blank&quot;&gt;View on Flickr&lt;\/a&gt;'  width='75' height='75'><\/a> <\/div><div class='afg-row'><a style='display:none' class='afgcolorbox' rel='example429'  href='https:\/\/farm9.staticflickr.com\/8647\/16717033311_095ebd1b85_b.jpg' title='Branko Lustig, Dani antifa\u0161izma 2015, UABA Opatija, Ve\u010der filma'> <img class='afg-img' alt='Branko Lustig, Dani antifa\u0161izma 2015, UABA Opatija, Ve\u010der filma \u2022 &lt;a style=&quot;font-size:0.8em;&quot; href=&quot;http:\/\/www.flickr.com\/photos\/101598051@N08\/16717033311\/&quot; target=&quot;_blank&quot;&gt;View on Flickr&lt;\/a&gt;'  width='75' height='75'><\/a> <\/div><div class='afg-row'><a style='display:none' class='afgcolorbox' rel='example429'  href='https:\/\/farm9.staticflickr.com\/8627\/16717232112_943c150909_b.jpg' title='Branko Lustig, Dani antifa\u0161izma 2015, UABA Opatija, Ve\u010der filma'> <img class='afg-img' alt='Branko Lustig, Dani antifa\u0161izma 2015, UABA Opatija, Ve\u010der filma \u2022 &lt;a style=&quot;font-size:0.8em;&quot; href=&quot;http:\/\/www.flickr.com\/photos\/101598051@N08\/16717232112\/&quot; target=&quot;_blank&quot;&gt;View on Flickr&lt;\/a&gt;'  width='75' height='75'><\/a> <\/div><div class='afg-row'><a style='display:none' class='afgcolorbox' rel='example429'  href='https:\/\/farm9.staticflickr.com\/8676\/16532179729_d02a4334cd_b.jpg' title='Branko Lustig, Dani antifa\u0161izma 2015, UABA Opatija, Ve\u010der filma'> <img class='afg-img' alt='Branko Lustig, Dani antifa\u0161izma 2015, UABA Opatija, Ve\u010der filma \u2022 &lt;a style=&quot;font-size:0.8em;&quot; href=&quot;http:\/\/www.flickr.com\/photos\/101598051@N08\/16532179729\/&quot; target=&quot;_blank&quot;&gt;View on Flickr&lt;\/a&gt;'  width='75' height='75'><\/a> <\/div><\/div><div class='afg-pagination'><br \/><br \/><font class='afg-page'>&nbsp;&#171; prev&nbsp;<\/font>&nbsp;&nbsp;&nbsp;&nbsp;<font class='afg-cur-page'> 1 <\/font>&nbsp;<a class='afg-page' href='http:\/\/www.uaba-opatija.hr\/index.php\/wp-json\/wp\/v2\/posts\/303?afg29_page_id=2#afg-29' title='Page 2'>&nbsp;2 <\/a>&nbsp;<a class='afg-page' href='http:\/\/www.uaba-opatija.hr\/index.php\/wp-json\/wp\/v2\/posts\/303?afg29_page_id=3#afg-29' title='Page 3'>&nbsp;3 <\/a>&nbsp;<a class='afg-page' href='http:\/\/www.uaba-opatija.hr\/index.php\/wp-json\/wp\/v2\/posts\/303?afg29_page_id=4#afg-29' title='Page 4'>&nbsp;4 <\/a>&nbsp;&nbsp;&nbsp;&nbsp;<a class='afg-page' href='http:\/\/www.uaba-opatija.hr\/index.php\/wp-json\/wp\/v2\/posts\/303?afg29_page_id=2#afg-29' title='Next Page'> next &#187; <\/a>&nbsp;<br \/>(47 Photos)<\/div><\/div><!-- Awesome Flickr Gallery End --><\/p>\n","protected":false},"excerpt":{"rendered":"<p>Drugi dan Dana antifa\u0161izma u Opatiji namijenjen je uvijek mladima, pa se u Vili Antonio u 11 sati na\u0161lo po 10 \u0111aka svake opatijske \u0161kole. Bili su nazo\u010dni i uva\u017eeni gosti: opatijska dogradona\u010delnica Marina Ga\u0161pari\u0107 i mons. Sanjin Franceti\u0107, izaslanik rije\u010dkog nadbiskupa dr. Ivana Dev\u010di\u0107a sa asistentom. Predsjednik UABA Mandi\u0107 u ime organizatora, pozdraviv\u0161i nazo\u010dne, &hellip; <\/p>\n<p class=\"link-more\"><a href=\"http:\/\/www.uaba-opatija.hr\/index.php\/dani-antifasizma-2015-lipa-predavanje-i-posjet\/\" class=\"more-link\">Nastavi \u010ditati<span class=\"screen-reader-text\"> &#8220;Dani antifa\u0161izma 2015 &#8211; Lipa predavanje i posjet&#8221;<\/span><\/a><\/p>\n","protected":false},"author":1,"featured_media":0,"comment_status":"closed","ping_status":"open","sticky":false,"template":"","format":"standard","meta":{"_monsterinsights_skip_tracking":false,"_monsterinsights_sitenote_active":false,"_monsterinsights_sitenote_note":"","_monsterinsights_sitenote_category":0,"footnotes":""},"categories":[6,9,3],"tags":[],"class_list":["post-303","post","type-post","status-publish","format-standard","hentry","category-daf-novi","category-galerija-foto","category-novosti"],"_links":{"self":[{"href":"http:\/\/www.uaba-opatija.hr\/index.php\/wp-json\/wp\/v2\/posts\/303","targetHints":{"allow":["GET"]}}],"collection":[{"href":"http:\/\/www.uaba-opatija.hr\/index.php\/wp-json\/wp\/v2\/posts"}],"about":[{"href":"http:\/\/www.uaba-opatija.hr\/index.php\/wp-json\/wp\/v2\/types\/post"}],"author":[{"embeddable":true,"href":"http:\/\/www.uaba-opatija.hr\/index.php\/wp-json\/wp\/v2\/users\/1"}],"replies":[{"embeddable":true,"href":"http:\/\/www.uaba-opatija.hr\/index.php\/wp-json\/wp\/v2\/comments?post=303"}],"version-history":[{"count":2,"href":"http:\/\/www.uaba-opatija.hr\/index.php\/wp-json\/wp\/v2\/posts\/303\/revisions"}],"predecessor-version":[{"id":305,"href":"http:\/\/www.uaba-opatija.hr\/index.php\/wp-json\/wp\/v2\/posts\/303\/revisions\/305"}],"wp:attachment":[{"href":"http:\/\/www.uaba-opatija.hr\/index.php\/wp-json\/wp\/v2\/media?parent=303"}],"wp:term":[{"taxonomy":"category","embeddable":true,"href":"http:\/\/www.uaba-opatija.hr\/index.php\/wp-json\/wp\/v2\/categories?post=303"},{"taxonomy":"post_tag","embeddable":true,"href":"http:\/\/www.uaba-opatija.hr\/index.php\/wp-json\/wp\/v2\/tags?post=303"}],"curies":[{"name":"wp","href":"https:\/\/api.w.org\/{rel}","templated":true}]}}