{"id":306,"date":"2015-03-07T14:05:26","date_gmt":"2015-03-07T13:05:26","guid":{"rendered":"http:\/\/www.uaba-opatija.hr\/?p=306"},"modified":"2015-03-08T21:20:03","modified_gmt":"2015-03-08T20:20:03","slug":"dani-antifasizma-2015-tribina","status":"publish","type":"post","link":"http:\/\/www.uaba-opatija.hr\/index.php\/dani-antifasizma-2015-tribina\/","title":{"rendered":"Dani antifa\u0161izma 2015 &#8211; Tribina"},"content":{"rendered":"<p><span style=\"font-size: large;\"><b>T R I B I N A<\/b><\/span><\/p>\n<p><span style=\"font-size: medium;\">Tre\u0107i, zaklju\u010dni dan 6. Dana antifa\u0161izma protekao je daleko bolje od predvi\u0111anja! <\/span><\/p>\n<p><span style=\"font-size: medium;\">Dan ranije, uslijed nevremena, najavljena ekipa eminentnih sarajlija obavijestila nas je da nije u mogu\u0107nosti do\u0107i na vrijeme. Neven koji je i organizirao \u201eTre\u0107i dan\u201c proveo je cijeli petak ujutro na mobitelu prate\u0107i svaki korak preostalih na\u0161ih nada na putu od Vara\u017edina, odnosno Osijeka do Opatije. Sre\u0107om i dr. Dubravka Kocijan Hercigonja i Marijan Gubina su na posljetku stigli, pa uz &#8220;<\/span><span style=\"font-size: medium;\">doma\u0107u snagu&#8221;<\/span><span style=\"font-size: medium;\"> Olega Mandi\u0107a ekipa za najavljenu tribinu je bila u punom sastavu.<\/span><span style=\"color: #000000;\"><span style=\"font-family: Calibri, sans-serif;\"><span style=\"font-size: medium;\"><span lang=\"hr-HR\"> \u00a0 Tribini su nazo\u010dili \u00a0i uva\u017eeni gosti: izaslanik Ministra branitelja g. Lon\u010dar i predsjednik SABA RH Franjo Habulin.<\/span><\/span><\/span><\/span><\/p>\n<p><span style=\"font-size: medium;\">Tema ovogodi\u0161nje Tribine bila je <\/span><span style=\"font-size: medium;\"><b>Djeca-\u017ertve rata<\/b><\/span><span style=\"font-size: medium;\">. Pred dobro ispunjenom dvoranom Vile Antonio raspredane su \u201ezadane\u201c teze:<\/span><\/p>\n<ul>\n<li><span style=\"font-size: medium;\">\u0160to ka\u017eu rezultati istra\u017eivanja sarajevskih znanstvenika o djeci \u017ertvama rata u okupiranom Sarajevu \u2013 o kakvoj se vrsti patnje za djecu radi, kako ona to pro\u017eivljavaju i kako se suo\u010davaju s tim<\/span><\/li>\n<li><span style=\"font-size: medium;\">Kako to djeluje na psihu roditelja te kako se ratno zlostavljanje djece odra\u017eava na odnose roditelja i djece<\/span><\/li>\n<li><span style=\"font-size: medium;\">\u0160to pro\u017eivljavaju djeca koja svjedo\u010de zlostavljanju roditelja tijekom rata<\/span><\/li>\n<li><span style=\"font-size: medium;\">Kakav je poslijeratni oporavak djece \u2013 \u017ertava rata koja su pre\u017eivjela, kako ih dru\u0161tvo prihva\u0107a i poma\u017ee, kako se postavlja dr\u017eava s njenim institucijama u saniranju njihovih trauma<\/span><\/li>\n<li><span style=\"font-size: medium;\">Kakva je uloga dr\u017eavnih institucija za za\u0161titu djece i ustanova za psiholo\u0161ku pomo\u0107 djeci u tretiranju problema djece koje su bile \u017ertve rata<\/span><\/li>\n<li><span style=\"font-size: medium;\">Koliko su sli\u010dne a koliko razli\u010dite traume djece \u017ertava rata i djece koja su zlostavljana u mirnodopsko vrijeme.<\/span><\/li>\n<\/ul>\n<p><span style=\"font-size: medium;\">Mandi\u0107 je kazivao o svojoj patnji kao 11-godi\u0161njaka u nacisti\u010dkom logoru smrti, a Gubina o svojoj, tako\u0111er kao 11-godi\u0161njaka, u srpskom logoru. Dr Hercigonja je slikovito razglabala o svojem 10-godi\u0161njem iskustvu u psihorehabilitaciji ratom traumatizirane djece. Nazo\u010dna publika sa interesom je i sama u\u010destvovala u raspravi uz vje\u0161to moderiranje Nevena \u0160anti\u0107a.<\/span><\/p>\n<p><span style=\"font-size: medium;\">6. Danima antifa\u0161izma u Opatiji se obratila i Predsjednica RH \u010dije pismo prenosimo u nastavku\u2026<\/span><\/p>\n<p><a href=\"http:\/\/www.uaba-opatija.hr\/dokumenti\/dopis_ured_predsj.pdf\">Dopis Ured predsjednice<\/a><\/p>\n<p style=\"text-align: center;\"><!-- Awesome Flickr Gallery Start --><!-- - Version - 3.5.6 - User ID - 101598051@N08 - Photoset ID -  - Gallery ID -  - Group ID -  - Tags - DAF2015-Tribina - Popular -  - Per Page - 12 - Sort Order - flickr - Photo Size - _m - Custom Size - 0 - Square - false - Captions - off - Description - off - Columns - 3 - Credit Note - off - Background Color - Transparent - Width - auto - Pagination - on - Slideshow - colorbox - Disable slideshow? - --><div class='afg-gallery custom-gallery-30' id='afg-30' style='background-color:Transparent; width:100%; color:; border-color:Transparent;'><div class='afg-table' style='width:100%'><div class='afg-row'><div class='afg-cell' style='width:33%;'><a class='afgcolorbox' rel='example430'  href='https:\/\/farm8.staticflickr.com\/7642\/16119220454_0508a06a8f_b.jpg' title='UABA Opatija, Dani antifa\u0161izma 2015, Tribina'><img class='afg-img' title='UABA Opatija, Dani antifa\u0161izma 2015, Tribina' src='https:\/\/farm8.static.flickr.com\/7642\/16119220454_0508a06a8f_m.jpg' alt='UABA Opatija, Dani antifa\u0161izma 2015, Tribina \u2022 &lt;a style=&quot;font-size:0.8em;&quot; href=&quot;http:\/\/www.flickr.com\/photos\/101598051@N08\/16119220454\/&quot; target=&quot;_blank&quot;&gt;View on Flickr&lt;\/a&gt;'\/><\/a><\/div><div class='afg-cell' style='width:33%;'><a class='afgcolorbox' rel='example430'  href='https:\/\/farm8.staticflickr.com\/7590\/16554118920_15759d7f3c_b.jpg' title='UABA Opatija, Dani antifa\u0161izma 2015, Tribina'><img class='afg-img' title='UABA Opatija, Dani antifa\u0161izma 2015, Tribina' src='https:\/\/farm8.static.flickr.com\/7590\/16554118920_15759d7f3c_m.jpg' alt='UABA Opatija, Dani antifa\u0161izma 2015, Tribina \u2022 &lt;a style=&quot;font-size:0.8em;&quot; href=&quot;http:\/\/www.flickr.com\/photos\/101598051@N08\/16554118920\/&quot; target=&quot;_blank&quot;&gt;View on Flickr&lt;\/a&gt;'\/><\/a><\/div><div class='afg-cell' style='width:33%;'><a class='afgcolorbox' rel='example430'  href='https:\/\/farm9.staticflickr.com\/8649\/16555403089_34bbc7f84c_b.jpg' title='UABA Opatija, Dani antifa\u0161izma 2015, Tribina'><img class='afg-img' title='UABA Opatija, Dani antifa\u0161izma 2015, Tribina' src='https:\/\/farm9.static.flickr.com\/8649\/16555403089_34bbc7f84c_m.jpg' alt='UABA Opatija, Dani antifa\u0161izma 2015, Tribina \u2022 &lt;a style=&quot;font-size:0.8em;&quot; href=&quot;http:\/\/www.flickr.com\/photos\/101598051@N08\/16555403089\/&quot; target=&quot;_blank&quot;&gt;View on Flickr&lt;\/a&gt;'\/><\/a><\/div><\/div><div class='afg-row'><div class='afg-cell' style='width:33%;'><a class='afgcolorbox' rel='example430'  href='https:\/\/farm9.staticflickr.com\/8616\/16119217944_26408b7cff_b.jpg' title='UABA Opatija, Dani antifa\u0161izma 2015, Tribina'><img class='afg-img' title='UABA Opatija, Dani antifa\u0161izma 2015, Tribina' src='https:\/\/farm9.static.flickr.com\/8616\/16119217944_26408b7cff_m.jpg' alt='UABA Opatija, Dani antifa\u0161izma 2015, Tribina \u2022 &lt;a style=&quot;font-size:0.8em;&quot; href=&quot;http:\/\/www.flickr.com\/photos\/101598051@N08\/16119217944\/&quot; target=&quot;_blank&quot;&gt;View on Flickr&lt;\/a&gt;'\/><\/a><\/div><div class='afg-cell' style='width:33%;'><a class='afgcolorbox' rel='example430'  href='https:\/\/farm9.staticflickr.com\/8591\/16534257447_c559c88b4a_b.jpg' title='UABA Opatija, Dani antifa\u0161izma 2015, Tribina'><img class='afg-img' title='UABA Opatija, Dani antifa\u0161izma 2015, Tribina' src='https:\/\/farm9.static.flickr.com\/8591\/16534257447_c559c88b4a_m.jpg' alt='UABA Opatija, Dani antifa\u0161izma 2015, Tribina \u2022 &lt;a style=&quot;font-size:0.8em;&quot; href=&quot;http:\/\/www.flickr.com\/photos\/101598051@N08\/16534257447\/&quot; target=&quot;_blank&quot;&gt;View on Flickr&lt;\/a&gt;'\/><\/a><\/div><div class='afg-cell' style='width:33%;'><a class='afgcolorbox' rel='example430'  href='https:\/\/farm8.staticflickr.com\/7621\/16119216334_7fc32baa03_b.jpg' title='UABA Opatija, Dani antifa\u0161izma 2015, Tribina'><img class='afg-img' title='UABA Opatija, Dani antifa\u0161izma 2015, Tribina' src='https:\/\/farm8.static.flickr.com\/7621\/16119216334_7fc32baa03_m.jpg' alt='UABA Opatija, Dani antifa\u0161izma 2015, Tribina \u2022 &lt;a style=&quot;font-size:0.8em;&quot; href=&quot;http:\/\/www.flickr.com\/photos\/101598051@N08\/16119216334\/&quot; target=&quot;_blank&quot;&gt;View on Flickr&lt;\/a&gt;'\/><\/a><\/div><\/div><div class='afg-row'><div class='afg-cell' style='width:33%;'><a class='afgcolorbox' rel='example430'  href='https:\/\/farm9.staticflickr.com\/8624\/16554115230_79680c329f_b.jpg' title='UABA Opatija, Dani antifa\u0161izma 2015, Tribina'><img class='afg-img' title='UABA Opatija, Dani antifa\u0161izma 2015, Tribina' src='https:\/\/farm9.static.flickr.com\/8624\/16554115230_79680c329f_m.jpg' alt='UABA Opatija, Dani antifa\u0161izma 2015, Tribina \u2022 &lt;a style=&quot;font-size:0.8em;&quot; href=&quot;http:\/\/www.flickr.com\/photos\/101598051@N08\/16554115230\/&quot; target=&quot;_blank&quot;&gt;View on Flickr&lt;\/a&gt;'\/><\/a><\/div><div class='afg-cell' style='width:33%;'><a class='afgcolorbox' rel='example430'  href='https:\/\/farm9.staticflickr.com\/8611\/16119214714_1d034b07e0_b.jpg' title='UABA Opatija, Dani antifa\u0161izma 2015, Tribina'><img class='afg-img' title='UABA Opatija, Dani antifa\u0161izma 2015, Tribina' src='https:\/\/farm9.static.flickr.com\/8611\/16119214714_1d034b07e0_m.jpg' alt='UABA Opatija, Dani antifa\u0161izma 2015, Tribina \u2022 &lt;a style=&quot;font-size:0.8em;&quot; href=&quot;http:\/\/www.flickr.com\/photos\/101598051@N08\/16119214714\/&quot; target=&quot;_blank&quot;&gt;View on Flickr&lt;\/a&gt;'\/><\/a><\/div><div class='afg-cell' style='width:33%;'><a class='afgcolorbox' rel='example430'  href='https:\/\/farm8.staticflickr.com\/7636\/16740447142_47a99eb502_b.jpg' title='UABA Opatija, Dani antifa\u0161izma 2015, Tribina'><img class='afg-img' title='UABA Opatija, Dani antifa\u0161izma 2015, Tribina' src='https:\/\/farm8.static.flickr.com\/7636\/16740447142_47a99eb502_m.jpg' alt='UABA Opatija, Dani antifa\u0161izma 2015, Tribina \u2022 &lt;a style=&quot;font-size:0.8em;&quot; href=&quot;http:\/\/www.flickr.com\/photos\/101598051@N08\/16740447142\/&quot; target=&quot;_blank&quot;&gt;View on Flickr&lt;\/a&gt;'\/><\/a><\/div><\/div><div class='afg-row'><div class='afg-cell' style='width:33%;'><a class='afgcolorbox' rel='example430'  href='https:\/\/farm8.staticflickr.com\/7589\/16121567243_d3cef23acf_b.jpg' title='UABA Opatija, Dani antifa\u0161izma 2015, Tribina'><img class='afg-img' title='UABA Opatija, Dani antifa\u0161izma 2015, Tribina' src='https:\/\/farm8.static.flickr.com\/7589\/16121567243_d3cef23acf_m.jpg' alt='UABA Opatija, Dani antifa\u0161izma 2015, Tribina \u2022 &lt;a style=&quot;font-size:0.8em;&quot; href=&quot;http:\/\/www.flickr.com\/photos\/101598051@N08\/16121567243\/&quot; target=&quot;_blank&quot;&gt;View on Flickr&lt;\/a&gt;'\/><\/a><\/div><div class='afg-cell' style='width:33%;'><a class='afgcolorbox' rel='example430'  href='https:\/\/farm9.staticflickr.com\/8669\/16121566343_6abf7079f6_b.jpg' title='UABA Opatija, Dani antifa\u0161izma 2015, Tribina'><img class='afg-img' title='UABA Opatija, Dani antifa\u0161izma 2015, Tribina' src='https:\/\/farm9.static.flickr.com\/8669\/16121566343_6abf7079f6_m.jpg' alt='UABA Opatija, Dani antifa\u0161izma 2015, Tribina \u2022 &lt;a style=&quot;font-size:0.8em;&quot; href=&quot;http:\/\/www.flickr.com\/photos\/101598051@N08\/16121566343\/&quot; target=&quot;_blank&quot;&gt;View on Flickr&lt;\/a&gt;'\/><\/a><\/div><div class='afg-cell' style='width:33%;'><a class='afgcolorbox' rel='example430'  href='https:\/\/farm8.staticflickr.com\/7591\/16534251947_a241599807_b.jpg' title='UABA Opatija, Dani antifa\u0161izma 2015, Tribina'><img class='afg-img' title='UABA Opatija, Dani antifa\u0161izma 2015, Tribina' src='https:\/\/farm8.static.flickr.com\/7591\/16534251947_a241599807_m.jpg' alt='UABA Opatija, Dani antifa\u0161izma 2015, Tribina \u2022 &lt;a style=&quot;font-size:0.8em;&quot; href=&quot;http:\/\/www.flickr.com\/photos\/101598051@N08\/16534251947\/&quot; target=&quot;_blank&quot;&gt;View on Flickr&lt;\/a&gt;'\/><\/a><\/div><\/div><div class='afg-row'><a style='display:none' class='afgcolorbox' rel='example430'  href='https:\/\/farm8.staticflickr.com\/7618\/16555395239_cb4527bb6b_b.jpg' title='UABA Opatija, Dani antifa\u0161izma 2015, Tribina'> <img class='afg-img' alt='UABA Opatija, Dani antifa\u0161izma 2015, Tribina \u2022 &lt;a style=&quot;font-size:0.8em;&quot; href=&quot;http:\/\/www.flickr.com\/photos\/101598051@N08\/16555395239\/&quot; target=&quot;_blank&quot;&gt;View on Flickr&lt;\/a&gt;'  width='75' height='75'><\/a> <\/div><div class='afg-row'><a style='display:none' class='afgcolorbox' rel='example430'  href='https:\/\/farm8.staticflickr.com\/7609\/16121564283_d40c7e356f_b.jpg' title='UABA Opatija, Dani antifa\u0161izma 2015, Tribina'> <img class='afg-img' alt='UABA Opatija, Dani antifa\u0161izma 2015, Tribina \u2022 &lt;a style=&quot;font-size:0.8em;&quot; href=&quot;http:\/\/www.flickr.com\/photos\/101598051@N08\/16121564283\/&quot; target=&quot;_blank&quot;&gt;View on Flickr&lt;\/a&gt;'  width='75' height='75'><\/a> <\/div><div class='afg-row'><a style='display:none' class='afgcolorbox' rel='example430'  href='https:\/\/farm8.staticflickr.com\/7635\/16121563613_73f1b5809e_b.jpg' title='UABA Opatija, Dani antifa\u0161izma 2015, Tribina'> <img class='afg-img' alt='UABA Opatija, Dani antifa\u0161izma 2015, Tribina \u2022 &lt;a style=&quot;font-size:0.8em;&quot; href=&quot;http:\/\/www.flickr.com\/photos\/101598051@N08\/16121563613\/&quot; target=&quot;_blank&quot;&gt;View on Flickr&lt;\/a&gt;'  width='75' height='75'><\/a> <\/div><div class='afg-row'><a style='display:none' class='afgcolorbox' rel='example430'  href='https:\/\/farm9.staticflickr.com\/8633\/16740442212_fff901511d_b.jpg' title='UABA Opatija, Dani antifa\u0161izma 2015, Tribina'> <img class='afg-img' alt='UABA Opatija, Dani antifa\u0161izma 2015, Tribina \u2022 &lt;a style=&quot;font-size:0.8em;&quot; href=&quot;http:\/\/www.flickr.com\/photos\/101598051@N08\/16740442212\/&quot; target=&quot;_blank&quot;&gt;View on Flickr&lt;\/a&gt;'  width='75' height='75'><\/a> <\/div><div class='afg-row'><a style='display:none' class='afgcolorbox' rel='example430'  href='https:\/\/farm9.staticflickr.com\/8623\/16715618306_d67bfc753f_b.jpg' title='UABA Opatija, Dani antifa\u0161izma 2015, Tribina'> <img class='afg-img' alt='UABA Opatija, Dani antifa\u0161izma 2015, Tribina \u2022 &lt;a style=&quot;font-size:0.8em;&quot; href=&quot;http:\/\/www.flickr.com\/photos\/101598051@N08\/16715618306\/&quot; target=&quot;_blank&quot;&gt;View on Flickr&lt;\/a&gt;'  width='75' height='75'><\/a> <\/div><div class='afg-row'><a style='display:none' class='afgcolorbox' rel='example430'  href='https:\/\/farm9.staticflickr.com\/8584\/16553953518_2b36bde3e2_b.jpg' title='UABA Opatija, Dani antifa\u0161izma 2015, Tribina'> <img class='afg-img' alt='UABA Opatija, Dani antifa\u0161izma 2015, Tribina \u2022 &lt;a style=&quot;font-size:0.8em;&quot; href=&quot;http:\/\/www.flickr.com\/photos\/101598051@N08\/16553953518\/&quot; target=&quot;_blank&quot;&gt;View on Flickr&lt;\/a&gt;'  width='75' height='75'><\/a> <\/div><div class='afg-row'><a style='display:none' class='afgcolorbox' rel='example430'  href='https:\/\/farm8.staticflickr.com\/7597\/16741506645_638943138b_b.jpg' title='UABA Opatija, Dani antifa\u0161izma 2015, Tribina'> <img class='afg-img' alt='UABA Opatija, Dani antifa\u0161izma 2015, Tribina \u2022 &lt;a style=&quot;font-size:0.8em;&quot; href=&quot;http:\/\/www.flickr.com\/photos\/101598051@N08\/16741506645\/&quot; target=&quot;_blank&quot;&gt;View on Flickr&lt;\/a&gt;'  width='75' height='75'><\/a> <\/div><div class='afg-row'><a style='display:none' class='afgcolorbox' rel='example430'  href='https:\/\/farm8.staticflickr.com\/7607\/16715616186_0cc806cf19_b.jpg' title='UABA Opatija, Dani antifa\u0161izma 2015, Tribina'> <img class='afg-img' alt='UABA Opatija, Dani antifa\u0161izma 2015, Tribina \u2022 &lt;a style=&quot;font-size:0.8em;&quot; href=&quot;http:\/\/www.flickr.com\/photos\/101598051@N08\/16715616186\/&quot; target=&quot;_blank&quot;&gt;View on Flickr&lt;\/a&gt;'  width='75' height='75'><\/a> <\/div><div class='afg-row'><a style='display:none' class='afgcolorbox' rel='example430'  href='https:\/\/farm9.staticflickr.com\/8659\/16554105010_12d5db4dd4_b.jpg' title='UABA Opatija, Dani antifa\u0161izma 2015, Tribina'> <img class='afg-img' alt='UABA Opatija, Dani antifa\u0161izma 2015, Tribina \u2022 &lt;a style=&quot;font-size:0.8em;&quot; href=&quot;http:\/\/www.flickr.com\/photos\/101598051@N08\/16554105010\/&quot; target=&quot;_blank&quot;&gt;View on Flickr&lt;\/a&gt;'  width='75' height='75'><\/a> <\/div><\/div><div class='afg-pagination'><br \/><br \/><font class='afg-page'>&nbsp;&#171; prev&nbsp;<\/font>&nbsp;&nbsp;&nbsp;&nbsp;<font class='afg-cur-page'> 1 <\/font>&nbsp;<a class='afg-page' href='http:\/\/www.uaba-opatija.hr\/index.php\/wp-json\/wp\/v2\/posts\/306?afg30_page_id=2#afg-30' title='Page 2'>&nbsp;2 <\/a>&nbsp;&nbsp;&nbsp;&nbsp;<a class='afg-page' href='http:\/\/www.uaba-opatija.hr\/index.php\/wp-json\/wp\/v2\/posts\/306?afg30_page_id=2#afg-30' title='Next Page'> next &#187; <\/a>&nbsp;<br \/>(21 Photos)<\/div><\/div><!-- Awesome Flickr Gallery End --><\/p>\n","protected":false},"excerpt":{"rendered":"<p>T R I B I N A Tre\u0107i, zaklju\u010dni dan 6. Dana antifa\u0161izma protekao je daleko bolje od predvi\u0111anja! Dan ranije, uslijed nevremena, najavljena ekipa eminentnih sarajlija obavijestila nas je da nije u mogu\u0107nosti do\u0107i na vrijeme. Neven koji je i organizirao \u201eTre\u0107i dan\u201c proveo je cijeli petak ujutro na mobitelu prate\u0107i svaki korak preostalih &hellip; <\/p>\n<p class=\"link-more\"><a href=\"http:\/\/www.uaba-opatija.hr\/index.php\/dani-antifasizma-2015-tribina\/\" class=\"more-link\">Nastavi \u010ditati<span class=\"screen-reader-text\"> &#8220;Dani antifa\u0161izma 2015 &#8211; Tribina&#8221;<\/span><\/a><\/p>\n","protected":false},"author":1,"featured_media":0,"comment_status":"closed","ping_status":"open","sticky":false,"template":"","format":"standard","meta":{"_monsterinsights_skip_tracking":false,"_monsterinsights_sitenote_active":false,"_monsterinsights_sitenote_note":"","_monsterinsights_sitenote_category":0,"footnotes":""},"categories":[6,8,3],"tags":[],"class_list":["post-306","post","type-post","status-publish","format-standard","hentry","category-daf-novi","category-galerija","category-novosti"],"_links":{"self":[{"href":"http:\/\/www.uaba-opatija.hr\/index.php\/wp-json\/wp\/v2\/posts\/306","targetHints":{"allow":["GET"]}}],"collection":[{"href":"http:\/\/www.uaba-opatija.hr\/index.php\/wp-json\/wp\/v2\/posts"}],"about":[{"href":"http:\/\/www.uaba-opatija.hr\/index.php\/wp-json\/wp\/v2\/types\/post"}],"author":[{"embeddable":true,"href":"http:\/\/www.uaba-opatija.hr\/index.php\/wp-json\/wp\/v2\/users\/1"}],"replies":[{"embeddable":true,"href":"http:\/\/www.uaba-opatija.hr\/index.php\/wp-json\/wp\/v2\/comments?post=306"}],"version-history":[{"count":3,"href":"http:\/\/www.uaba-opatija.hr\/index.php\/wp-json\/wp\/v2\/posts\/306\/revisions"}],"predecessor-version":[{"id":313,"href":"http:\/\/www.uaba-opatija.hr\/index.php\/wp-json\/wp\/v2\/posts\/306\/revisions\/313"}],"wp:attachment":[{"href":"http:\/\/www.uaba-opatija.hr\/index.php\/wp-json\/wp\/v2\/media?parent=306"}],"wp:term":[{"taxonomy":"category","embeddable":true,"href":"http:\/\/www.uaba-opatija.hr\/index.php\/wp-json\/wp\/v2\/categories?post=306"},{"taxonomy":"post_tag","embeddable":true,"href":"http:\/\/www.uaba-opatija.hr\/index.php\/wp-json\/wp\/v2\/tags?post=306"}],"curies":[{"name":"wp","href":"https:\/\/api.w.org\/{rel}","templated":true}]}}