{"id":315,"date":"2015-03-20T16:33:53","date_gmt":"2015-03-20T15:33:53","guid":{"rendered":"http:\/\/www.uaba-opatija.hr\/?p=315"},"modified":"2015-03-25T16:34:04","modified_gmt":"2015-03-25T15:34:04","slug":"vlak-za-auschwitz-otputovao-autobusom","status":"publish","type":"post","link":"http:\/\/www.uaba-opatija.hr\/index.php\/vlak-za-auschwitz-otputovao-autobusom\/","title":{"rendered":"Vlak za Auschwitz otputovao&#8230; autobusom"},"content":{"rendered":"<p>U \u010detvrtak 19\/3\/15 po to\u010dno zacrtanom programu, u 11:55 sati, projekt Vlak Sje\u0107anja na Auschwitz krenuo je sa rije\u010dke \u017eeljezni\u010dke stanice. Krenuo je me\u0111utim autobusom, jer \u017eeljezni\u010dka pruga do Ilirske Bistrice jo\u0161 nije osposobljena!<\/p>\n<p>U autobus slovenskih \u017eeljeznica ukrcalo se 26 u\u010desnika hrvatskog dijela ove me\u0111unarodne inicijative. Bilo je 17 u\u010denika, studenata i mla\u0111ih od 30 godina, te 9 \u201estarijih\u201c. Najvi\u0161e iz Krka i Opatije, a bilo je putnika jo\u0161 iz Zagreba, Pule, Rupe, Rijeke, Buzeta, Bre\u0161ca, Umaga i Matulja.<\/p>\n<p>U 23:00 ih je u Salzburgu \u010dekao mati\u010dni \u010darter vlak koji je iz Milana vozio 500 mladih i 200 starijih putnika \u2013 sve talijana, osim 40-ak francuza, koji su poput Hrvata putovali kao gosti organizatora &#8211; talijanskih udruga civilnog dru\u0161tva iz Lombardije.<\/p>\n<p>U sklopu boravka u Poljskoj organiziraju se predavanja, okrugli stolovi, prikazi prigodnih dokumentaraca, susreti s pre\u017eivjelim logora\u0161ima, kao i druge vrste edukacija kojih dobar dio bude odr\u017ean i tijekom samog putovanja, u vlaku.<\/p>\n<p>Petak je organiziran kulturno povijesni razgled Krakowa, a subotu cjelodnevni posjet muzejsko-memorijalnom kompleksu Auschwitz-Birkenau. Zavr\u0161etak je u nedjelju kada se vr\u0161i analiza vi\u0111enog svih sedamstotinjak sudionika u velikoj dvorani Kulturnog centra u Krakowu.<\/p>\n","protected":false},"excerpt":{"rendered":"<p>U \u010detvrtak 19\/3\/15 po to\u010dno zacrtanom programu, u 11:55 sati, projekt Vlak Sje\u0107anja na Auschwitz krenuo je sa rije\u010dke \u017eeljezni\u010dke stanice. Krenuo je me\u0111utim autobusom, jer \u017eeljezni\u010dka pruga do Ilirske Bistrice jo\u0161 nije osposobljena! U autobus slovenskih \u017eeljeznica ukrcalo se 26 u\u010desnika hrvatskog dijela ove me\u0111unarodne inicijative. Bilo je 17 u\u010denika, studenata i mla\u0111ih od &hellip; <\/p>\n<p class=\"link-more\"><a href=\"http:\/\/www.uaba-opatija.hr\/index.php\/vlak-za-auschwitz-otputovao-autobusom\/\" class=\"more-link\">Nastavi \u010ditati<span class=\"screen-reader-text\"> &#8220;Vlak za Auschwitz otputovao&#8230; autobusom&#8221;<\/span><\/a><\/p>\n","protected":false},"author":1,"featured_media":0,"comment_status":"closed","ping_status":"open","sticky":false,"template":"","format":"standard","meta":{"_monsterinsights_skip_tracking":false,"_monsterinsights_sitenote_active":false,"_monsterinsights_sitenote_note":"","_monsterinsights_sitenote_category":0,"footnotes":""},"categories":[3,7],"tags":[],"class_list":["post-315","post","type-post","status-publish","format-standard","hentry","category-novosti","category-vlak-novi"],"_links":{"self":[{"href":"http:\/\/www.uaba-opatija.hr\/index.php\/wp-json\/wp\/v2\/posts\/315","targetHints":{"allow":["GET"]}}],"collection":[{"href":"http:\/\/www.uaba-opatija.hr\/index.php\/wp-json\/wp\/v2\/posts"}],"about":[{"href":"http:\/\/www.uaba-opatija.hr\/index.php\/wp-json\/wp\/v2\/types\/post"}],"author":[{"embeddable":true,"href":"http:\/\/www.uaba-opatija.hr\/index.php\/wp-json\/wp\/v2\/users\/1"}],"replies":[{"embeddable":true,"href":"http:\/\/www.uaba-opatija.hr\/index.php\/wp-json\/wp\/v2\/comments?post=315"}],"version-history":[{"count":1,"href":"http:\/\/www.uaba-opatija.hr\/index.php\/wp-json\/wp\/v2\/posts\/315\/revisions"}],"predecessor-version":[{"id":316,"href":"http:\/\/www.uaba-opatija.hr\/index.php\/wp-json\/wp\/v2\/posts\/315\/revisions\/316"}],"wp:attachment":[{"href":"http:\/\/www.uaba-opatija.hr\/index.php\/wp-json\/wp\/v2\/media?parent=315"}],"wp:term":[{"taxonomy":"category","embeddable":true,"href":"http:\/\/www.uaba-opatija.hr\/index.php\/wp-json\/wp\/v2\/categories?post=315"},{"taxonomy":"post_tag","embeddable":true,"href":"http:\/\/www.uaba-opatija.hr\/index.php\/wp-json\/wp\/v2\/tags?post=315"}],"curies":[{"name":"wp","href":"https:\/\/api.w.org\/{rel}","templated":true}]}}