{"id":320,"date":"2015-04-07T21:18:33","date_gmt":"2015-04-07T20:18:33","guid":{"rendered":"http:\/\/www.uaba-opatija.hr\/?p=320"},"modified":"2015-04-07T21:18:33","modified_gmt":"2015-04-07T20:18:33","slug":"vlak-sjecanja-2015-2","status":"publish","type":"post","link":"http:\/\/www.uaba-opatija.hr\/index.php\/vlak-sjecanja-2015-2\/","title":{"rendered":"Vlak sje\u0107anja 2015"},"content":{"rendered":"<p>Pi\u0161u: Sanja Bosni\u0107 i Igor Jovanovi\u0107<\/p>\n<p><img loading=\"lazy\" decoding=\"async\" class=\"alignleft\" src=\"https:\/\/farm8.staticflickr.com\/7679\/17068772352_e17bdcc9a1_m.jpg\" alt=\"\" width=\"240\" height=\"160\" \/>Desetu godinu zaredom u sklopu me\u0111unarodnog europskog projekta organiziran od 19. do 23. o\u017eujka ove godine je Vlak sje\u0107anja \u2013 Auschwitz 2015. Projekt je to koji povezuje nekoliko europskih gradova s logorom smrti Auschwitzom, posve\u0107en \u017ertvama holokausta i Drugog svjetskog rata. Od 2013. godine, partner u ovom projektu koji povezuje povijest, sje\u0107anje, svjedo\u010danstva i edukaciju mladih ljudi je i Hrvatska odnosno UABA Grada Opatije. Tako je i ove godine uz u\u010denike srednjih \u0161kola iz desetak talijanskih gradova te srednjo\u0161kolce iz nekoliko francuskih regija, u vlaku sje\u0107anja u pratnji svojih profesora putovalo i dvadesetak srednjo\u0161kolaca iz Opatije, Rijeke i s otoka Krka. Tijekom puta u vlaku su organizirane razne radionice, predavanja, okrugli stolovi i projekcije filmova na temu holokausta i sje\u0107anja na holokaust. Cilj navedenih aktivnosti je prenijeti u\u010denicima povijest holokausta, ali i o\u010duvati sje\u0107anja na mnoge nedu\u017ene \u017ertve koncentracijskih logora. Sudionici ovog jedinstvenog vlaka proputovali su preko dvije tisu\u0107e kilometara, razgledali grad Krakow, posjetili koncentracijski logor i logor smrti Auschwitz I i Auschwitz II \u2013 Birkenau gdje su na jedinstven i simboli\u010dan na\u010din sudjelovali u komemoraciji za \u017ertve holokausta.<\/p>\n<p>Krakow je jedan od najstarijih poljskih gradova te drugi po veli\u010dini u Poljskoj. Iznimno je bogat kulturno povijesnim znamenitostima, ali je i mjesto stradavanja nevinog \u017eidovskog i poljskog stanovni\u0161tva u Drugom svjetskom ratu. U razgledu \u017eidovske \u010detvrti, \u017eidovskog geta i koncentracijskog logora Plaszov, u\u010denici i njihovi profesori su vidjeli besmisao ljudske destruktivnosti. Nasuprot izlaska iz nekada\u0161njeg geta stoji tvornica Oscara Schindlera, \u010dovjeka koji je od sigurne smrti spasio preko tisu\u0107u \u017didova; humanost i dobrota nasuprot uni\u0161tenja. Vje\u010dna borba dobra i zla, pravi uvod za posjet Auschwitzu.<\/p>\n<p>U Auschwitzu je sudionike vlaka do\u010dekao Ryszard Domasik, vodi\u010d, humanist, povjesni\u010dar. <img loading=\"lazy\" decoding=\"async\" class=\"alignright\" src=\"https:\/\/farm8.staticflickr.com\/7685\/16862852367_7758b6a9bb_m.jpg\" alt=\"\" width=\"240\" height=\"160\" \/>Vode\u0107i hrvatsku grupu po mjestu neopisive patnje, slikovito je do\u010darao uvjete \u017eivljenja u tada najmodernijoj tvornici smrti. Na licu su mjesta u\u010denici vidjeli ono \u0161to su u\u010dili, \u010ditali, slu\u0161ali, gledali u filmovima. Rasizam, \u0161ovinizam, vjerska netolerancija i ravnodu\u0161nost, to je Auschwitz. Cilj dolaska u Auschwitz nije bio razgledavanje nego boravak. Osjetiti i misliti! Nadati se i \u017eeljeti da se nikad vi\u0161e ne ponovi!<\/p>\n<p>Preko sedamsto sudionika vlaka sje\u0107anja poklonilo se u komemorativnom dijelu posjeta svim \u017ertvama holokausta. Marko Rubini\u0107 i Marko Spori\u0161, opatijski srednjo\u0161kolci i Tina Pejakovi\u0107 s otoka Krka polo\u017eili su vijenac i zapalili svije\u0107e u memorijalnom centru, dok je vrlo emotivan nastup bio Marije Rode, kr\u010dke srednjo\u0161kolske koja je sa stihovima svoje pjesme <i>Ti\u0161ina<\/i>, zaokru\u017eila dostojanstvenu komemoraciju.<\/p>\n<p><img loading=\"lazy\" decoding=\"async\" class=\"alignleft\" src=\"https:\/\/farm8.staticflickr.com\/7714\/16862851117_c14cf2a012_m.jpg\" alt=\"\" width=\"240\" height=\"160\" \/>Na kraju puta ostaje promi\u0161ljanje o nama samima, o iskustvima i spoznajama prije posjeta Auschwitzu i nakon posjeta. Emocije su pomije\u0161ane. Zavr\u0161it \u0107emo s jednom re\u010denicom koju smo \u010duli na komemoraciji: \u201eNe dozvolimo da na\u0161a pro\u0161lost bude budu\u0107nost na\u0161e djece.\u201c<\/p>\n<p>&nbsp;<\/p>\n<p style=\"text-align: center;\"><!-- Awesome Flickr Gallery Start --><!-- - Version - 3.5.6 - User ID - 101598051@N08 - Photoset ID -  - Gallery ID -  - Group ID -  - Tags - UABAAuschwitz2015 - Popular -  - Per Page - 10 - Sort Order - flickr - Photo Size - _m - Custom Size - 0 - Square - false - Captions - off - Description - off - Columns - 2 - Credit Note - off - Background Color - Transparent - Width - auto - Pagination - on - Slideshow - colorbox - Disable slideshow? - --><div class='afg-gallery custom-gallery-32' id='afg-32' style='background-color:Transparent; width:100%; color:; border-color:Transparent;'><div class='afg-table' style='width:100%'><div class='afg-row'><div class='afg-cell' style='width:50%;'><a class='afgcolorbox' rel='example432'  href='https:\/\/farm8.static.flickr.com\/7724\/16447805894_620d611276_z.jpg' title='obilazak Krakowa'><img class='afg-img' title='obilazak Krakowa' src='https:\/\/farm8.static.flickr.com\/7724\/16447805894_620d611276_m.jpg' alt='obilazak Krakowa \u2022 &lt;a style=&quot;font-size:0.8em;&quot; href=&quot;http:\/\/www.flickr.com\/photos\/101598051@N08\/16447805894\/&quot; target=&quot;_blank&quot;&gt;View on Flickr&lt;\/a&gt;'\/><\/a><\/div><div class='afg-cell' style='width:50%;'><a class='afgcolorbox' rel='example432'  href='https:\/\/farm9.staticflickr.com\/8692\/16882464658_0fdd4bc0fd_b.jpg' title='P3230011'><img class='afg-img' title='P3230011' src='https:\/\/farm9.static.flickr.com\/8692\/16882464658_0fdd4bc0fd_m.jpg' alt='P3230011 \u2022 &lt;a style=&quot;font-size:0.8em;&quot; href=&quot;http:\/\/www.flickr.com\/photos\/101598051@N08\/16882464658\/&quot; target=&quot;_blank&quot;&gt;View on Flickr&lt;\/a&gt;'\/><\/a><\/div><\/div><div class='afg-row'><div class='afg-cell' style='width:50%;'><a class='afgcolorbox' rel='example432'  href='https:\/\/farm8.static.flickr.com\/7685\/16862852367_7758b6a9bb_z.jpg' title='pred komemoraciju'><img class='afg-img' title='pred komemoraciju' src='https:\/\/farm8.static.flickr.com\/7685\/16862852367_7758b6a9bb_m.jpg' alt='pred komemoraciju \u2022 &lt;a style=&quot;font-size:0.8em;&quot; href=&quot;http:\/\/www.flickr.com\/photos\/101598051@N08\/16862852367\/&quot; target=&quot;_blank&quot;&gt;View on Flickr&lt;\/a&gt;'\/><\/a><\/div><div class='afg-cell' style='width:50%;'><a class='afgcolorbox' rel='example432'  href='https:\/\/farm8.static.flickr.com\/7612\/16450099233_23194cfac2_z.jpg' title='ti\u0161ina u \u017eici'><img class='afg-img' title='ti\u0161ina u \u017eici' src='https:\/\/farm8.static.flickr.com\/7612\/16450099233_23194cfac2_m.jpg' alt='ti\u0161ina u \u017eici \u2022 &lt;a style=&quot;font-size:0.8em;&quot; href=&quot;http:\/\/www.flickr.com\/photos\/101598051@N08\/16450099233\/&quot; target=&quot;_blank&quot;&gt;View on Flickr&lt;\/a&gt;'\/><\/a><\/div><\/div><div class='afg-row'><div class='afg-cell' style='width:50%;'><a class='afgcolorbox' rel='example432'  href='https:\/\/farm8.static.flickr.com\/7679\/17068772352_e17bdcc9a1_z.jpg' title='stra\u0161ni natpis na ulazu'><img class='afg-img' title='stra\u0161ni natpis na ulazu' src='https:\/\/farm8.static.flickr.com\/7679\/17068772352_e17bdcc9a1_m.jpg' alt='stra\u0161ni natpis na ulazu \u2022 &lt;a style=&quot;font-size:0.8em;&quot; href=&quot;http:\/\/www.flickr.com\/photos\/101598051@N08\/17068772352\/&quot; target=&quot;_blank&quot;&gt;View on Flickr&lt;\/a&gt;'\/><\/a><\/div><div class='afg-cell' style='width:50%;'><a class='afgcolorbox' rel='example432'  href='https:\/\/farm8.static.flickr.com\/7612\/17068771892_bb413dced1_z.jpg' title='dvorac Krakow'><img class='afg-img' title='dvorac Krakow' src='https:\/\/farm8.static.flickr.com\/7612\/17068771892_bb413dced1_m.jpg' alt='dvorac Krakow \u2022 &lt;a style=&quot;font-size:0.8em;&quot; href=&quot;http:\/\/www.flickr.com\/photos\/101598051@N08\/17068771892\/&quot; target=&quot;_blank&quot;&gt;View on Flickr&lt;\/a&gt;'\/><\/a><\/div><\/div><div class='afg-row'><div class='afg-cell' style='width:50%;'><a class='afgcolorbox' rel='example432'  href='https:\/\/farm8.static.flickr.com\/7714\/16862851117_c14cf2a012_z.jpg' title='u sje\u0107anje'><img class='afg-img' title='u sje\u0107anje' src='https:\/\/farm8.static.flickr.com\/7714\/16862851117_c14cf2a012_m.jpg' alt='u sje\u0107anje \u2022 &lt;a style=&quot;font-size:0.8em;&quot; href=&quot;http:\/\/www.flickr.com\/photos\/101598051@N08\/16862851117\/&quot; target=&quot;_blank&quot;&gt;View on Flickr&lt;\/a&gt;'\/><\/a><\/div><\/div><\/div><\/div><!-- Awesome Flickr Gallery End --><\/p>\n","protected":false},"excerpt":{"rendered":"<p>Pi\u0161u: Sanja Bosni\u0107 i Igor Jovanovi\u0107 Desetu godinu zaredom u sklopu me\u0111unarodnog europskog projekta organiziran od 19. do 23. o\u017eujka ove godine je Vlak sje\u0107anja \u2013 Auschwitz 2015. Projekt je to koji povezuje nekoliko europskih gradova s logorom smrti Auschwitzom, posve\u0107en \u017ertvama holokausta i Drugog svjetskog rata. Od 2013. godine, partner u ovom projektu koji &hellip; <\/p>\n<p class=\"link-more\"><a href=\"http:\/\/www.uaba-opatija.hr\/index.php\/vlak-sjecanja-2015-2\/\" class=\"more-link\">Nastavi \u010ditati<span class=\"screen-reader-text\"> &#8220;Vlak sje\u0107anja 2015&#8221;<\/span><\/a><\/p>\n","protected":false},"author":1,"featured_media":0,"comment_status":"closed","ping_status":"open","sticky":false,"template":"","format":"standard","meta":{"_monsterinsights_skip_tracking":false,"_monsterinsights_sitenote_active":false,"_monsterinsights_sitenote_note":"","_monsterinsights_sitenote_category":0,"footnotes":""},"categories":[3,7],"tags":[],"class_list":["post-320","post","type-post","status-publish","format-standard","hentry","category-novosti","category-vlak-novi"],"_links":{"self":[{"href":"http:\/\/www.uaba-opatija.hr\/index.php\/wp-json\/wp\/v2\/posts\/320","targetHints":{"allow":["GET"]}}],"collection":[{"href":"http:\/\/www.uaba-opatija.hr\/index.php\/wp-json\/wp\/v2\/posts"}],"about":[{"href":"http:\/\/www.uaba-opatija.hr\/index.php\/wp-json\/wp\/v2\/types\/post"}],"author":[{"embeddable":true,"href":"http:\/\/www.uaba-opatija.hr\/index.php\/wp-json\/wp\/v2\/users\/1"}],"replies":[{"embeddable":true,"href":"http:\/\/www.uaba-opatija.hr\/index.php\/wp-json\/wp\/v2\/comments?post=320"}],"version-history":[{"count":1,"href":"http:\/\/www.uaba-opatija.hr\/index.php\/wp-json\/wp\/v2\/posts\/320\/revisions"}],"predecessor-version":[{"id":321,"href":"http:\/\/www.uaba-opatija.hr\/index.php\/wp-json\/wp\/v2\/posts\/320\/revisions\/321"}],"wp:attachment":[{"href":"http:\/\/www.uaba-opatija.hr\/index.php\/wp-json\/wp\/v2\/media?parent=320"}],"wp:term":[{"taxonomy":"category","embeddable":true,"href":"http:\/\/www.uaba-opatija.hr\/index.php\/wp-json\/wp\/v2\/categories?post=320"},{"taxonomy":"post_tag","embeddable":true,"href":"http:\/\/www.uaba-opatija.hr\/index.php\/wp-json\/wp\/v2\/tags?post=320"}],"curies":[{"name":"wp","href":"https:\/\/api.w.org\/{rel}","templated":true}]}}