{"id":330,"date":"2015-04-18T08:51:22","date_gmt":"2015-04-18T07:51:22","guid":{"rendered":"http:\/\/www.uaba-opatija.hr\/?p=330"},"modified":"2015-05-11T07:55:26","modified_gmt":"2015-05-11T06:55:26","slug":"iz-zagrebackih-medija","status":"publish","type":"post","link":"http:\/\/www.uaba-opatija.hr\/index.php\/iz-zagrebackih-medija\/","title":{"rendered":"Iz zagreba\u010dkih medija&#8230;"},"content":{"rendered":"<p><span style=\"font-size: medium;\">U sklopu tradicionalnih Edukacijskih jutara zagreba\u010dkog Festivala Tolerancije, 14.4.2015. je odr\u017eano u Kinu Europa jedinstveno predavanje o holokaustu na kojem su u\u010denici i posjetitelji imali priliku \u010duti osobna iskustva g. <strong>Olega Mandi\u0107a<\/strong> i g. <strong>Branka Lustiga<\/strong>, dvojicu pre\u017eivjelih logora\u0161a i njihovu poruku va\u017enosti me\u0111usobnog uva\u017eavanja. <\/span><\/p>\n<p><span style=\"font-size: medium;\">Program se sastojao od projekcije nagra\u0111ivanog filma za mlade \u201eBelle i S\u00e9bastien\u201c, svjedo\u010danstva Olega Mandi\u0107a, opatijskog dru\u0161tvenog radnika, koji je posljednji logora\u0161 iza\u0161ao \u017eiv iz Auschwitza i Branka Lustiga, producenta i dvostrukog dobitnika nagrade Oscar, koji je kao dje\u010dak u dobi od svega 10 godina proveo dvije godine u zloglasnim nacisti\u010dkim logorima.<\/span><\/p>\n<p>&nbsp;<\/p>\n<figure style=\"width: 800px\" class=\"wp-caption aligncenter\"><img loading=\"lazy\" decoding=\"async\" class=\"\" src=\"https:\/\/farm6.staticflickr.com\/5349\/17183581342_115c6748d7_c.jpg\" alt=\"\" width=\"800\" height=\"532\" \/><figcaption class=\"wp-caption-text\">Predavanje Olega Mandi\u0107a u Zagrebu<\/figcaption><\/figure>\n","protected":false},"excerpt":{"rendered":"<p>U sklopu tradicionalnih Edukacijskih jutara zagreba\u010dkog Festivala Tolerancije, 14.4.2015. je odr\u017eano u Kinu Europa jedinstveno predavanje o holokaustu na kojem su u\u010denici i posjetitelji imali priliku \u010duti osobna iskustva g. Olega Mandi\u0107a i g. Branka Lustiga, dvojicu pre\u017eivjelih logora\u0161a i njihovu poruku va\u017enosti me\u0111usobnog uva\u017eavanja. Program se sastojao od projekcije nagra\u0111ivanog filma za mlade \u201eBelle &hellip; <\/p>\n<p class=\"link-more\"><a href=\"http:\/\/www.uaba-opatija.hr\/index.php\/iz-zagrebackih-medija\/\" class=\"more-link\">Nastavi \u010ditati<span class=\"screen-reader-text\"> &#8220;Iz zagreba\u010dkih medija&#8230;&#8221;<\/span><\/a><\/p>\n","protected":false},"author":1,"featured_media":0,"comment_status":"closed","ping_status":"open","sticky":false,"template":"","format":"standard","meta":{"_monsterinsights_skip_tracking":false,"_monsterinsights_sitenote_active":false,"_monsterinsights_sitenote_note":"","_monsterinsights_sitenote_category":0,"footnotes":""},"categories":[3],"tags":[],"class_list":["post-330","post","type-post","status-publish","format-standard","hentry","category-novosti"],"_links":{"self":[{"href":"http:\/\/www.uaba-opatija.hr\/index.php\/wp-json\/wp\/v2\/posts\/330","targetHints":{"allow":["GET"]}}],"collection":[{"href":"http:\/\/www.uaba-opatija.hr\/index.php\/wp-json\/wp\/v2\/posts"}],"about":[{"href":"http:\/\/www.uaba-opatija.hr\/index.php\/wp-json\/wp\/v2\/types\/post"}],"author":[{"embeddable":true,"href":"http:\/\/www.uaba-opatija.hr\/index.php\/wp-json\/wp\/v2\/users\/1"}],"replies":[{"embeddable":true,"href":"http:\/\/www.uaba-opatija.hr\/index.php\/wp-json\/wp\/v2\/comments?post=330"}],"version-history":[{"count":2,"href":"http:\/\/www.uaba-opatija.hr\/index.php\/wp-json\/wp\/v2\/posts\/330\/revisions"}],"predecessor-version":[{"id":347,"href":"http:\/\/www.uaba-opatija.hr\/index.php\/wp-json\/wp\/v2\/posts\/330\/revisions\/347"}],"wp:attachment":[{"href":"http:\/\/www.uaba-opatija.hr\/index.php\/wp-json\/wp\/v2\/media?parent=330"}],"wp:term":[{"taxonomy":"category","embeddable":true,"href":"http:\/\/www.uaba-opatija.hr\/index.php\/wp-json\/wp\/v2\/categories?post=330"},{"taxonomy":"post_tag","embeddable":true,"href":"http:\/\/www.uaba-opatija.hr\/index.php\/wp-json\/wp\/v2\/tags?post=330"}],"curies":[{"name":"wp","href":"https:\/\/api.w.org\/{rel}","templated":true}]}}