{"id":332,"date":"2015-04-22T07:42:53","date_gmt":"2015-04-22T06:42:53","guid":{"rendered":"http:\/\/www.uaba-opatija.hr\/?p=332"},"modified":"2015-05-11T07:20:38","modified_gmt":"2015-05-11T06:20:38","slug":"70-godisnjica-oslobodenja-opatije","status":"publish","type":"post","link":"http:\/\/www.uaba-opatija.hr\/index.php\/70-godisnjica-oslobodenja-opatije\/","title":{"rendered":"70. godi\u0161njica oslobo\u0111enja Opatije"},"content":{"rendered":"<p>&nbsp;<\/p>\n<p>&nbsp;<\/p>\n<p>&nbsp;<\/p>\n<p>UABA Grada Opatije u suorganizaciji s Gradom Opatija pripremila je prigodna doga\u0111anja vezana za obilje\u017eavanje ove zna\u010dajne obljetnice -70.godina oslobo\u0111enja Opatije.<\/p>\n<p>22.4.2015.<br \/>\nSve\u010danim otvaranjem izlo\u017ebe &#8221; Na\u0161 kraj u NOB-u&#8221; u Umjetni\u010dkom paviljonu Juraj \u0160porer zapo\u010deli smo na\u0161 program. Autori izlo\u017ebe Mirjana Kos i Oleg Mandi\u0107 postavili su zanimljivu izlo\u017ebu fotografija, dokumenata i prikazivanje filma o oslobo\u0111enju Opatije, koja svjedo\u010de narodnooslobodila\u010dku borbu u na\u0161em kraju i oslobo\u0111enje od fa\u0161izma.<\/p>\n<p>23.4.2015.<br \/>\nPromocija zbirke pjesama Marine \u010cesen &#8220;Crna no\u0107 je \u0161api\u0107ala\u2026&#8221; u kojoj su stihovi posve\u0107eni stradanjima u ratu, nevinim \u017ertvama i ljubavi prema domovini bila je predstavljena u Kulturnom domu &#8220;Zora&#8221;. Prezentaciju je priredila prof. Gordana Zurak, a u\u010denici Gimnazije Eugen Kumi\u010di\u0107 su pro\u010ditali nekoliko pjesama. Uz njih su nastupili i njihovi prijatelji iz \u0161kole koji su izveli glazbenu to\u010dku. Nakladnik ovog izdanja je na\u0161a Udruga.<\/p>\n<p>24.4.2015.<br \/>\nOvaj dan je poseban za Grad Opatiju, jer se tada dogodio najve\u0107i zlo\u010din Drugog svjetskog rata na na\u0161em podru\u010dju.<br \/>\nU Vili Antonio odr\u017ean je sat povijesti za u\u010denike na temu Jama I\u010di\u0107i, gdje su mladi imali priliku \u010duti ne\u0161to vi\u0161e o tom doga\u0111aju. Prezentaciju su odr\u017eali sami u\u010denici uz vodstvo prof. Ivane \u010cerneha.<br \/>\nSve\u010dana komemoracija je uprili\u010dena kao i uvijek u 17 sati. Ovogodi\u0161nji prigodan program obilje\u017eio je i nazo\u010dnost zapovjednika Vatrogasne postrojbe Opatija Gordana Filini\u0107a, one iste postrojbe koja se istakla pred 70 godina pri otkrivanju i iskapanju \u017ertava iz Jame. Sve\u010danost su uljep\u0161ale svojim nastupom \u010dlanice klape &#8221; Kamelija&#8221;.<\/p>\n<p><img loading=\"lazy\" decoding=\"async\" class=\"alignnone\" src=\"https:\/\/farm9.staticflickr.com\/8721\/17231531855_e958e93ae3_c.jpg\" alt=\"\" width=\"800\" height=\"400\" \/><\/p>\n<p><span style=\"font-size: large;\">25.4.2015.<\/span><\/p>\n<p><span style=\"font-size: large;\">Brodom &#8220;Jolly&#8221; povezli smo \u010dlanove na\u0161e Udruge, njih 40-tak, u Mo\u0161\u0107eni\u010dku Dragu na obilje\u017eavanje iskrcavanja 4. jugoslavenske armije pred 70. godina.. Za nas je to bio na\u0161 Dan D jer su tu po\u010dele zavr\u0161ne operacije za oslobo\u0111enje ovih krajeva i protjerivanje neprijatelja uz kona\u010dni zavr\u0161etak rata. <\/span><\/p>\n<p><span style=\"font-size: large;\">Sa nama su na brodu bili kao gosti i na\u0161i prijatelji iz Udruge invalida. <\/span><\/p>\n<p><span style=\"font-size: large;\">Na otvorenom moru ispred Medveje uz prigodnu smo sve\u010danost odali po\u010dast \u017ertvama morskih plavetnila svih dosada\u0161njih ratova, polo\u017eiv\u0161i u more lovorov vijenac.<\/span><\/p>\n<p><span style=\"font-size: large;\">Uz pjesmu i radost slobode brod je uplovio u luku gdje su nas do\u010dekali prijatelji i s kraja nam mahali. UABA Otoka Krka isto je do\u0161la brodom i tako uveli\u010dala cijelo doga\u0111anje. <\/span><\/p>\n<p><span style=\"font-size: large;\">Nakon polaganja vijenaca na spomeniku, u dvorani Hotela Marina odr\u017eano je predavanje o tom povijesnom doga\u0111aju, a zatim u kulturno-umjetni\u010dkom programu nastupili su u\u010denici i prire\u0111en je bio program o Rikardu Katalini\u0107u Jeretovu.<\/span><\/p>\n<p><span style=\"font-size: large;\">26.4.2015.<\/span><\/p>\n<p><span style=\"font-size: large;\">Polaganjem vijenaca na groblju Veprinac zapo\u010deli smo program pod nazivom &#8220;Leprinac va NOB-e&#8221;. Zna\u010daj Veprinca u NOB-i je veliki jer su se u \u0161umi pod U\u010dkom nalazili partizani, a narod im je pomagao. U programu u kojem su u\u010destvovali KUD Maestral iz Veprinca, u\u010denici P\u0160 Veprinac i Marina \u010cesen, svim su prisutnima pribli\u017eili te ratne dane i prisjetili se mnogih koji su polo\u017eili \u017eivot za slobodu. Kratke pri\u010de o tadanjim zgodama i nezgodama, na doma\u0107oj \u010dakav\u0161tini, koje je pro\u010ditala Zorica a pripremila Darinka Martin\u010di\u0107 dirnule su nas u du\u0161u. Nakon programa bilo je lijepo dru\u017eenje uz istarsku mane\u0161tricu od bobi\u0107i i harmoniku.<\/span><\/p>\n<p><span style=\"font-size: large;\">27.4.2015.<\/span><\/p>\n<p><span style=\"font-size: large;\">Bio je to dan ratnog filma. <\/span><\/p>\n<p><span style=\"font-size: large;\">Za u\u010denike je bio predvi\u0111en susret s pre\u017eivjelim borcima koji su s par pri\u010da do\u010darali vrijeme rata i snagu koju su ljudi imali da bi mogli izdr\u017eati sve napore i biti svjesni da sutra mo\u017eda ne\u0107e vi\u0161e biti \u017eivi.<\/span><\/p>\n<p><span style=\"font-size: large;\">U\u010denici su pogledali film &#8220;U gori raste zelen bor&#8221;, a u poslijepodnevnim satima za gra\u0111ene su bili filmovi &#8221; Sutjeska&#8221; i &#8220;Valter brani Sarajevo&#8221;. Sve su to kultni filmovi koji odra\u017eavaju ratno vrijeme ali ih je uvijek lijepo ponovno pogledati i uvijek izmame suze u o\u010dima. Svakoj je projekciji nazo\u010dilo teridesetak gledalaca.<\/span><\/p>\n<p><span style=\"font-size: large;\">28.4.2015.<\/span><\/p>\n<p><span style=\"font-size: large;\">Dan oslobo\u0111enja Opatije. U jutarnjim su satima polo\u017eeni vijenci i zapaljene svije\u0107e na spomenicima u Opatiji, a u ve\u010dernjim je satima organiziran prigodan program u Umjetni\u010dkom paviljonu Juraj \u0160porer.<\/span><\/p>\n<p><span style=\"font-size: large;\">Ivo Dujmi\u0107 je u uvodnoj rije\u010di naglasio zna\u010daj ovog datuma i podsjetio na sve \u017ertve koje su dale svoje \u017eivote za slobodu. Oleg Mandi\u0107 pro\u010ditao je referat koji govori o zavr\u0161nim fazama za oslobo\u0111enje Opatije.<\/span><\/p>\n<p><span style=\"font-size: large;\">Uz Puha\u010dki orkestar Lovran, Marinu \u010cesen, zbor DVD i voditelja Maria Lipov\u0161eka Battifiace odan je pijetet tom vremenu i ljudima koji su doprinijeli da mi danas \u017eivimo u miru i slobodi.<\/span><\/p>\n<p><span style=\"font-size: large;\">Na svim doga\u0111anjima bili su prisutni zamjenici gradona\u010denika Marina Ga\u0161pari\u0107 i Fernando Kirigin, a gradona\u010denik Ivo Dujmi\u0107 je bio na zavr\u0161nom obilje\u017eavanju. Njima posebna HVALA. A isto tako i svima koji su prisustvovali na\u0161em programu i s nama podijelili radost slobode.<\/span><\/p>\n<p><img loading=\"lazy\" decoding=\"async\" class=\"aligncenter\" src=\"https:\/\/farm8.staticflickr.com\/7584\/17229817592_c865687f67_c.jpg\" alt=\"\" width=\"800\" height=\"400\" \/><\/p>\n","protected":false},"excerpt":{"rendered":"<p>&nbsp; &nbsp; &nbsp; UABA Grada Opatije u suorganizaciji s Gradom Opatija pripremila je prigodna doga\u0111anja vezana za obilje\u017eavanje ove zna\u010dajne obljetnice -70.godina oslobo\u0111enja Opatije. 22.4.2015. Sve\u010danim otvaranjem izlo\u017ebe &#8221; Na\u0161 kraj u NOB-u&#8221; u Umjetni\u010dkom paviljonu Juraj \u0160porer zapo\u010deli smo na\u0161 program. Autori izlo\u017ebe Mirjana Kos i Oleg Mandi\u0107 postavili su zanimljivu izlo\u017ebu fotografija, dokumenata &hellip; <\/p>\n<p class=\"link-more\"><a href=\"http:\/\/www.uaba-opatija.hr\/index.php\/70-godisnjica-oslobodenja-opatije\/\" class=\"more-link\">Nastavi \u010ditati<span class=\"screen-reader-text\"> &#8220;70. godi\u0161njica oslobo\u0111enja Opatije&#8221;<\/span><\/a><\/p>\n","protected":false},"author":1,"featured_media":0,"comment_status":"closed","ping_status":"open","sticky":false,"template":"","format":"standard","meta":{"_monsterinsights_skip_tracking":false,"_monsterinsights_sitenote_active":false,"_monsterinsights_sitenote_note":"","_monsterinsights_sitenote_category":0,"footnotes":""},"categories":[4,3],"tags":[],"class_list":["post-332","post","type-post","status-publish","format-standard","hentry","category-aktivnosti-najave","category-novosti"],"_links":{"self":[{"href":"http:\/\/www.uaba-opatija.hr\/index.php\/wp-json\/wp\/v2\/posts\/332","targetHints":{"allow":["GET"]}}],"collection":[{"href":"http:\/\/www.uaba-opatija.hr\/index.php\/wp-json\/wp\/v2\/posts"}],"about":[{"href":"http:\/\/www.uaba-opatija.hr\/index.php\/wp-json\/wp\/v2\/types\/post"}],"author":[{"embeddable":true,"href":"http:\/\/www.uaba-opatija.hr\/index.php\/wp-json\/wp\/v2\/users\/1"}],"replies":[{"embeddable":true,"href":"http:\/\/www.uaba-opatija.hr\/index.php\/wp-json\/wp\/v2\/comments?post=332"}],"version-history":[{"count":4,"href":"http:\/\/www.uaba-opatija.hr\/index.php\/wp-json\/wp\/v2\/posts\/332\/revisions"}],"predecessor-version":[{"id":338,"href":"http:\/\/www.uaba-opatija.hr\/index.php\/wp-json\/wp\/v2\/posts\/332\/revisions\/338"}],"wp:attachment":[{"href":"http:\/\/www.uaba-opatija.hr\/index.php\/wp-json\/wp\/v2\/media?parent=332"}],"wp:term":[{"taxonomy":"category","embeddable":true,"href":"http:\/\/www.uaba-opatija.hr\/index.php\/wp-json\/wp\/v2\/categories?post=332"},{"taxonomy":"post_tag","embeddable":true,"href":"http:\/\/www.uaba-opatija.hr\/index.php\/wp-json\/wp\/v2\/tags?post=332"}],"curies":[{"name":"wp","href":"https:\/\/api.w.org\/{rel}","templated":true}]}}