{"id":362,"date":"2015-05-30T21:41:16","date_gmt":"2015-05-30T20:41:16","guid":{"rendered":"http:\/\/www.uaba-opatija.hr\/?p=362"},"modified":"2015-05-30T21:41:16","modified_gmt":"2015-05-30T20:41:16","slug":"iz-rada-predsjednistva","status":"publish","type":"post","link":"http:\/\/www.uaba-opatija.hr\/index.php\/iz-rada-predsjednistva\/","title":{"rendered":"Iz rada predsjedni\u0161tva&#8230;"},"content":{"rendered":"<p class=\"western\"><span style=\"font-size: large;\">21. svibnja je odr\u017ean redovni, kako Statut nala\u017ee \u2013 tromjese\u010dni sastanak Predsjedni\u0161tva. Problematika rje\u0161avana na sastanku mo\u017ee se podijeliti na tri dijela:<\/span><\/p>\n<p class=\"western\"><span style=\"font-size: large;\">1. uobi\u010dajeno izvje\u0161\u0107e tajnice Suzi o odr\u017eanome od zadnjeg sastanka (6. Dani Antifa\u0161izma, Godi\u0161nja Skup\u0161tina, Vlak sje\u0107anja na Auschwitz, 70. Obljetnica Oslobo\u0111enja itd.), <\/span><\/p>\n<p class=\"western\"><span style=\"font-size: large;\">2. najavu budu\u0107ih doga\u0111anja predo\u010dio je predsjednik Mandi\u0107 (Mati\u0107 Poljana; promjena Statuta; XII \u0160portski susreti antifa\u0161ista PG\u017d; pro\u010di\u0161\u0107avanje evidencije \u010dlanstva; utvr\u0111ivanje sa opatijskim \u0161kolama plana zajedni\u010dkih aktivnosti za idu\u0107u \u0161kolsku godinu i dr.)<\/span><\/p>\n<p class=\"western\"><span style=\"font-size: large;\">3. kako najbezbolnije premostiti sukcesiju na mjestu Predsjednika na\u0161e Udruge. U vezi toga prihva\u0107eno je slijede\u0107e:<\/span><\/p>\n<ul>\n<li>\n<p class=\"western\"><span style=\"font-size: large;\">Slijede\u0107i sastanci predsjedni\u0161tva odr\u017eat \u0107e se u drugoj polovici rujna i u drugoj polovici prosinca. Na sastanku u prosincu \u0107e se izabrati novi Predsjednik, budu\u0107i da je sada\u0161nji izrazio \u017eelju da zbog zamora, koncem 2015 prestane njegov mandat (ostavka), ali ne i \u010dlanstvo u Udruzi i u Predsjedni\u0161tvu. Smanjit \u0107e i intenzitet svojih aktivnosti.<\/span><\/p>\n<\/li>\n<li>\n<p class=\"western\"><span style=\"font-size: large;\">7. Dani antifa\u0161izma u Opatiji \u0107e se odr\u017eati. Po\u010detkom o\u017eujka 2016 \u2013 tri dana kao obi\u010dno. T. Mateti\u0107, N. \u0160anti\u0107 i O. Mandi\u0107 \u0107e odrediti temu. Mandi\u0107 \u0107e osigurati financijsku konstrukciju. Mateti\u0107 i \u0160anti\u0107 \u0107e \u201eodraditi\u201c sve vezano za sadr\u017eaj\/u\u010desnike za svaki dan. B. Star\u010di\u0107 i Suzi \u0107e \u201eodraditi\u201c promid\u017ebu i sve vezano za tehniku i administraciju.<\/span><\/p>\n<\/li>\n<li>\n<p class=\"western\"><span style=\"font-size: large;\">\u0160kola mira u Savudriji 2015 \u0107e se odr\u017eati od 5. do 26. srpnja. Suzi \u0107e pripremiti liste mladih u\u010desnika (kao lani), a Mandi\u0107 \u0107e odr\u017eati po jedno predavanje u svakoj od tri smjena.<\/span><\/p>\n<\/li>\n<li>\n<p class=\"western\"><span style=\"font-size: large;\">Mandi\u0107 ostaje nosilac svih projekata vezanih za Auschwitz (Vlak, \u0161kole, itd)<\/span><\/p>\n<\/li>\n<\/ul>\n","protected":false},"excerpt":{"rendered":"<p>21. svibnja je odr\u017ean redovni, kako Statut nala\u017ee \u2013 tromjese\u010dni sastanak Predsjedni\u0161tva. Problematika rje\u0161avana na sastanku mo\u017ee se podijeliti na tri dijela: 1. uobi\u010dajeno izvje\u0161\u0107e tajnice Suzi o odr\u017eanome od zadnjeg sastanka (6. Dani Antifa\u0161izma, Godi\u0161nja Skup\u0161tina, Vlak sje\u0107anja na Auschwitz, 70. Obljetnica Oslobo\u0111enja itd.), 2. najavu budu\u0107ih doga\u0111anja predo\u010dio je predsjednik Mandi\u0107 (Mati\u0107 Poljana; &hellip; <\/p>\n<p class=\"link-more\"><a href=\"http:\/\/www.uaba-opatija.hr\/index.php\/iz-rada-predsjednistva\/\" class=\"more-link\">Nastavi \u010ditati<span class=\"screen-reader-text\"> &#8220;Iz rada predsjedni\u0161tva&#8230;&#8221;<\/span><\/a><\/p>\n","protected":false},"author":1,"featured_media":0,"comment_status":"closed","ping_status":"open","sticky":false,"template":"","format":"standard","meta":{"_monsterinsights_skip_tracking":false,"_monsterinsights_sitenote_active":false,"_monsterinsights_sitenote_note":"","_monsterinsights_sitenote_category":0,"footnotes":""},"categories":[3],"tags":[],"class_list":["post-362","post","type-post","status-publish","format-standard","hentry","category-novosti"],"_links":{"self":[{"href":"http:\/\/www.uaba-opatija.hr\/index.php\/wp-json\/wp\/v2\/posts\/362","targetHints":{"allow":["GET"]}}],"collection":[{"href":"http:\/\/www.uaba-opatija.hr\/index.php\/wp-json\/wp\/v2\/posts"}],"about":[{"href":"http:\/\/www.uaba-opatija.hr\/index.php\/wp-json\/wp\/v2\/types\/post"}],"author":[{"embeddable":true,"href":"http:\/\/www.uaba-opatija.hr\/index.php\/wp-json\/wp\/v2\/users\/1"}],"replies":[{"embeddable":true,"href":"http:\/\/www.uaba-opatija.hr\/index.php\/wp-json\/wp\/v2\/comments?post=362"}],"version-history":[{"count":1,"href":"http:\/\/www.uaba-opatija.hr\/index.php\/wp-json\/wp\/v2\/posts\/362\/revisions"}],"predecessor-version":[{"id":363,"href":"http:\/\/www.uaba-opatija.hr\/index.php\/wp-json\/wp\/v2\/posts\/362\/revisions\/363"}],"wp:attachment":[{"href":"http:\/\/www.uaba-opatija.hr\/index.php\/wp-json\/wp\/v2\/media?parent=362"}],"wp:term":[{"taxonomy":"category","embeddable":true,"href":"http:\/\/www.uaba-opatija.hr\/index.php\/wp-json\/wp\/v2\/categories?post=362"},{"taxonomy":"post_tag","embeddable":true,"href":"http:\/\/www.uaba-opatija.hr\/index.php\/wp-json\/wp\/v2\/tags?post=362"}],"curies":[{"name":"wp","href":"https:\/\/api.w.org\/{rel}","templated":true}]}}