{"id":371,"date":"2015-06-26T16:55:35","date_gmt":"2015-06-26T15:55:35","guid":{"rendered":"http:\/\/www.uaba-opatija.hr\/?p=371"},"modified":"2015-06-26T16:59:26","modified_gmt":"2015-06-26T15:59:26","slug":"zajednicka-poruka-dosta-vise-nasih-i-vasih-svi-smo-mi-opatijci","status":"publish","type":"post","link":"http:\/\/www.uaba-opatija.hr\/index.php\/zajednicka-poruka-dosta-vise-nasih-i-vasih-svi-smo-mi-opatijci\/","title":{"rendered":"ZAJEDNI\u010cKA PORUKA: DOSTA VI\u0160E \u201eNA\u0160IH\u201c I \u201eVA\u0160IH\u201c \u2013 SVI SMO MI OPATIJCI!"},"content":{"rendered":"<p class=\"western\"><span style=\"font-size: medium;\">Koncem lipnja odr\u017eane su komemoracije uz Dan Antifa\u0161isti\u010dke borbe i Dan Dr\u017eavnosti: kod spomenika uz vilu Antonio, na centralnom groblju kod kri\u017ea i na partizanskom groblju, kod zgrade Grada Opatije, na Voloskom i na Jami I\u010di\u0107i. Posebno su zapaljene svije\u0107e na grobovima opatijaca poginulih u oba rata.<\/span><\/p>\n<figure style=\"width: 600px\" class=\"wp-caption alignleft\"><img loading=\"lazy\" decoding=\"async\" class=\"\" src=\"https:\/\/c1.staticflickr.com\/1\/448\/19172924072_957b614a55_z.jpg\" alt=\"\" width=\"600\" height=\"450\" \/><figcaption class=\"wp-caption-text\">S polaganja vijenaca u I\u010di\u0107ima<\/figcaption><\/figure>\n<p class=\"western\"><span style=\"font-size: medium;\">Ovogodi\u0161nja sve\u010danost je u neku ruku bila odraz dru\u0161tveno-politi\u010dke situacije u na\u0161oj zemlji. Nikada jo\u0161 nije uz \u010delnike Grada (Dujmi\u0107 i Kirigin) bilo toliko predstavnika raznih udruga i gra\u0111ana. Prednja\u010dile su udruge iz Domovinskog rata i na\u0161a UABA. I \u0161ta je najljep\u0161e bilo za \u010duti, svi su govornici isticali svoju volju za zajedni\u0161tvom, bez obzira na sve. Dosta vi\u0161e podjela na lijeve i desne, crne i crvene, na\u0161e i va\u0161e. Opatija, ljubav i tolerancija bile su naj\u010de\u0161\u0107e rije\u010di. I Dujmi\u0107a i Mandi\u0107a i Josipovi\u0107a. Posebno je dojmljiv bio govor predstavnika vojnih invalida domovinskog rata na Jami I\u010di\u0107i.<\/span><\/p>\n<p class=\"western\"><span style=\"font-size: medium;\">U nastavku nekoliko fotografija sa sve\u010danosti\u2026\u2026<\/span><\/p>\n<p class=\"western\" style=\"text-align: center;\"><!-- Awesome Flickr Gallery Start --><!-- - Version - 3.5.6 - User ID - 101598051@N08 - Photoset ID -  - Gallery ID -  - Group ID -  - Tags - DanAntifborbe2015 - Popular -  - Per Page - 10 - Sort Order - flickr - Photo Size - _m - Custom Size - 0 - Square - false - Captions - off - Description - off - Columns - 2 - Credit Note - off - Background Color - Transparent - Width - auto - Pagination - on - Slideshow - colorbox - Disable slideshow? - --><div class='afg-gallery custom-gallery-35' id='afg-35' style='background-color:Transparent; width:100%; color:; border-color:Transparent;'><div class='afg-table' style='width:100%'><div class='afg-row'><div class='afg-cell' style='width:50%;'><a class='afgcolorbox' rel='example435'  href='https:\/\/farm1.static.flickr.com\/448\/19172924072_957b614a55_z.jpg' title='14'><img class='afg-img' title='14' src='https:\/\/farm1.static.flickr.com\/448\/19172924072_957b614a55_m.jpg' alt='14 \u2022 &lt;a style=&quot;font-size:0.8em;&quot; href=&quot;http:\/\/www.flickr.com\/photos\/101598051@N08\/19172924072\/&quot; target=&quot;_blank&quot;&gt;View on Flickr&lt;\/a&gt;'\/><\/a><\/div><div class='afg-cell' style='width:50%;'><a class='afgcolorbox' rel='example435'  href='https:\/\/farm1.static.flickr.com\/386\/18556184184_a004812e60_z.jpg' title='15'><img class='afg-img' title='15' src='https:\/\/farm1.static.flickr.com\/386\/18556184184_a004812e60_m.jpg' alt='15 \u2022 &lt;a style=&quot;font-size:0.8em;&quot; href=&quot;http:\/\/www.flickr.com\/photos\/101598051@N08\/18556184184\/&quot; target=&quot;_blank&quot;&gt;View on Flickr&lt;\/a&gt;'\/><\/a><\/div><\/div><div class='afg-row'><div class='afg-cell' style='width:50%;'><a class='afgcolorbox' rel='example435'  href='https:\/\/farm1.static.flickr.com\/496\/19182283641_6e905e579e_z.jpg' title='1'><img class='afg-img' title='1' src='https:\/\/farm1.static.flickr.com\/496\/19182283641_6e905e579e_m.jpg' alt='1 \u2022 &lt;a style=&quot;font-size:0.8em;&quot; href=&quot;http:\/\/www.flickr.com\/photos\/101598051@N08\/19182283641\/&quot; target=&quot;_blank&quot;&gt;View on Flickr&lt;\/a&gt;'\/><\/a><\/div><div class='afg-cell' style='width:50%;'><a class='afgcolorbox' rel='example435'  href='https:\/\/farm1.static.flickr.com\/427\/18556182414_49bbe9bf8e_z.jpg' title='4'><img class='afg-img' title='4' src='https:\/\/farm1.static.flickr.com\/427\/18556182414_49bbe9bf8e_m.jpg' alt='4 \u2022 &lt;a style=&quot;font-size:0.8em;&quot; href=&quot;http:\/\/www.flickr.com\/photos\/101598051@N08\/18556182414\/&quot; target=&quot;_blank&quot;&gt;View on Flickr&lt;\/a&gt;'\/><\/a><\/div><\/div><div class='afg-row'><div class='afg-cell' style='width:50%;'><a class='afgcolorbox' rel='example435'  href='https:\/\/farm1.static.flickr.com\/513\/18991134128_f86ba604c6_z.jpg' title='8'><img class='afg-img' title='8' src='https:\/\/farm1.static.flickr.com\/513\/18991134128_f86ba604c6_m.jpg' alt='8 \u2022 &lt;a style=&quot;font-size:0.8em;&quot; href=&quot;http:\/\/www.flickr.com\/photos\/101598051@N08\/18991134128\/&quot; target=&quot;_blank&quot;&gt;View on Flickr&lt;\/a&gt;'\/><\/a><\/div><div class='afg-cell' style='width:50%;'><a class='afgcolorbox' rel='example435'  href='https:\/\/farm1.static.flickr.com\/538\/19152567136_5f41d77ed4_z.jpg' title='9'><img class='afg-img' title='9' src='https:\/\/farm1.static.flickr.com\/538\/19152567136_5f41d77ed4_m.jpg' alt='9 \u2022 &lt;a style=&quot;font-size:0.8em;&quot; href=&quot;http:\/\/www.flickr.com\/photos\/101598051@N08\/19152567136\/&quot; target=&quot;_blank&quot;&gt;View on Flickr&lt;\/a&gt;'\/><\/a><\/div><\/div><div class='afg-row'><div class='afg-cell' style='width:50%;'><a class='afgcolorbox' rel='example435'  href='https:\/\/farm1.static.flickr.com\/477\/18991037580_9ec85949a8_z.jpg' title='10'><img class='afg-img' title='10' src='https:\/\/farm1.static.flickr.com\/477\/18991037580_9ec85949a8_m.jpg' alt='10 \u2022 &lt;a style=&quot;font-size:0.8em;&quot; href=&quot;http:\/\/www.flickr.com\/photos\/101598051@N08\/18991037580\/&quot; target=&quot;_blank&quot;&gt;View on Flickr&lt;\/a&gt;'\/><\/a><\/div><div class='afg-cell' style='width:50%;'><a class='afgcolorbox' rel='example435'  href='https:\/\/farm1.static.flickr.com\/515\/19172918122_344320ee27_z.jpg' title='13'><img class='afg-img' title='13' src='https:\/\/farm1.static.flickr.com\/515\/19172918122_344320ee27_m.jpg' alt='13 \u2022 &lt;a style=&quot;font-size:0.8em;&quot; href=&quot;http:\/\/www.flickr.com\/photos\/101598051@N08\/19172918122\/&quot; target=&quot;_blank&quot;&gt;View on Flickr&lt;\/a&gt;'\/><\/a><\/div><\/div><\/div><\/div><!-- Awesome Flickr Gallery End --><\/p>\n","protected":false},"excerpt":{"rendered":"<p>Koncem lipnja odr\u017eane su komemoracije uz Dan Antifa\u0161isti\u010dke borbe i Dan Dr\u017eavnosti: kod spomenika uz vilu Antonio, na centralnom groblju kod kri\u017ea i na partizanskom groblju, kod zgrade Grada Opatije, na Voloskom i na Jami I\u010di\u0107i. Posebno su zapaljene svije\u0107e na grobovima opatijaca poginulih u oba rata. Ovogodi\u0161nja sve\u010danost je u neku ruku bila odraz &hellip; <\/p>\n<p class=\"link-more\"><a href=\"http:\/\/www.uaba-opatija.hr\/index.php\/zajednicka-poruka-dosta-vise-nasih-i-vasih-svi-smo-mi-opatijci\/\" class=\"more-link\">Nastavi \u010ditati<span class=\"screen-reader-text\"> &#8220;ZAJEDNI\u010cKA PORUKA: DOSTA VI\u0160E \u201eNA\u0160IH\u201c I \u201eVA\u0160IH\u201c \u2013 SVI SMO MI OPATIJCI!&#8221;<\/span><\/a><\/p>\n","protected":false},"author":1,"featured_media":0,"comment_status":"closed","ping_status":"open","sticky":false,"template":"","format":"standard","meta":{"_monsterinsights_skip_tracking":false,"_monsterinsights_sitenote_active":false,"_monsterinsights_sitenote_note":"","_monsterinsights_sitenote_category":0,"footnotes":""},"categories":[9,3],"tags":[],"class_list":["post-371","post","type-post","status-publish","format-standard","hentry","category-galerija-foto","category-novosti"],"_links":{"self":[{"href":"http:\/\/www.uaba-opatija.hr\/index.php\/wp-json\/wp\/v2\/posts\/371","targetHints":{"allow":["GET"]}}],"collection":[{"href":"http:\/\/www.uaba-opatija.hr\/index.php\/wp-json\/wp\/v2\/posts"}],"about":[{"href":"http:\/\/www.uaba-opatija.hr\/index.php\/wp-json\/wp\/v2\/types\/post"}],"author":[{"embeddable":true,"href":"http:\/\/www.uaba-opatija.hr\/index.php\/wp-json\/wp\/v2\/users\/1"}],"replies":[{"embeddable":true,"href":"http:\/\/www.uaba-opatija.hr\/index.php\/wp-json\/wp\/v2\/comments?post=371"}],"version-history":[{"count":3,"href":"http:\/\/www.uaba-opatija.hr\/index.php\/wp-json\/wp\/v2\/posts\/371\/revisions"}],"predecessor-version":[{"id":374,"href":"http:\/\/www.uaba-opatija.hr\/index.php\/wp-json\/wp\/v2\/posts\/371\/revisions\/374"}],"wp:attachment":[{"href":"http:\/\/www.uaba-opatija.hr\/index.php\/wp-json\/wp\/v2\/media?parent=371"}],"wp:term":[{"taxonomy":"category","embeddable":true,"href":"http:\/\/www.uaba-opatija.hr\/index.php\/wp-json\/wp\/v2\/categories?post=371"},{"taxonomy":"post_tag","embeddable":true,"href":"http:\/\/www.uaba-opatija.hr\/index.php\/wp-json\/wp\/v2\/tags?post=371"}],"curies":[{"name":"wp","href":"https:\/\/api.w.org\/{rel}","templated":true}]}}