{"id":378,"date":"2015-07-08T18:59:15","date_gmt":"2015-07-08T17:59:15","guid":{"rendered":"http:\/\/www.uaba-opatija.hr\/?p=378"},"modified":"2015-07-08T18:59:15","modified_gmt":"2015-07-08T17:59:15","slug":"odrzan-tradicionalni-godisnji-sastanak-uaba-s-opatijskim-skolama","status":"publish","type":"post","link":"http:\/\/www.uaba-opatija.hr\/index.php\/odrzan-tradicionalni-godisnji-sastanak-uaba-s-opatijskim-skolama\/","title":{"rendered":"ODR\u017dAN TRADICIONALNI GODI\u0160NJI SASTANAK UABA S OPATIJSKIM \u0160KOLAMA"},"content":{"rendered":"<p class=\"western\">Danas je, kao i svake godine, prije konca \u0161kolske godine odr\u017ean radni sastanak \u010delnika opatijske Udruge antifa\u0161ista sa ravnateljima i profesorima povijesti (etike, filozofije) svih opatijskih \u0161kola. Cilj sastanka bio je analiza suradnje tijekom protekle \u0161kolske godine kao i dogovaranje zajedni\u010dkih akcija i njihovih termina u narednoj \u0161kolskoj godini.<\/p>\n<p class=\"western\"><img loading=\"lazy\" decoding=\"async\" class=\"alignleft\" src=\"https:\/\/farm1.staticflickr.com\/429\/19502154186_1d119724cb_z.jpg\" alt=\"\" width=\"360\" height=\"239\" \/>\n<\/p>\n<p class=\"western\">Predsjednik UABA Oleg Mandi\u0107 u ulozi doma\u0107ina \u010destitao je nazo\u010dnima 7-tu godi\u0161njicu odr\u017eavanja tog sada ve\u0107 tradicionalnog radnog sastanka i naglasio kako je suradnja zapo\u010dela zbog uo\u010denih manjkavosti u \u0161kolskim programima povijesti i etike, te kako su na tim osnovama iznjedrene aktivnosti prepoznate i unisono prihva\u0107ene u svim opatijskim \u0161kolama. A \u0161to je najva\u017enije to se osobito odnosi na pozitivni prihvat od strane \u0111aka. Oni posebno cijene objektivnost, toleranciju i osudu nasilja koji proizlaze iz svake zajedni\u010dke akcije ponaosob.<\/p>\n<p class=\"western\">\n<p class=\"western\">U raspravi o Zajedni\u010dkim aktivnosti u protekloj godini najvi\u0161e su ocjene date posjetu Auschwitzu, te doga\u0111ajima <i>Memento<\/i> uz Me\u0111unarodni dan Holokausta i Danu mladih u okviru <i>Dana<\/i> <i>antifa\u0161izma u<\/i><i><b> <\/b><\/i><i>Opatiji 6<\/i>. Nakon opse\u017ene rasprave, gradona\u010delnik Ivo Dujmi\u0107, koji je nazo\u010dio sastanku, osvrnuv\u0161i se na ovu hvalevrijednu suradnju, ocijenio je istu sa \u0161kolskom ocjenom : 5.<\/p>\n<p class=\"western\">\n<p class=\"western\">Raspravljaju\u0107i o budu\u0107oj \u0161kolskoj godini nagla\u0161eno je zajedni\u010dko razmi\u0161ljanje kako valja poja\u010dati nastojanja da se u samoj sredini u kojoj \u017eivimo osjeti pozitivizam proizlaze\u0107i iz povijesnih doga\u0111aja i fakata koje razglabamo.<\/p>\n<p class=\"western\">\nNa koncu su dogovorene zajedni\u010dke akcije u koje \u0107e se po dosada\u0161njem sistemu uklju\u010divati opatijski \u0111aci: Hreljin, Mati\u0107 Poljana i Lipa za osnovce, a<i> Memento<\/i>, <i>Dani antifa\u0161izma u Opatiji 7<\/i>, Jama I\u010di\u0107i, Lipa i <i>Putevima bodulskih otpora<\/i> za srednjo\u0161kolce.<\/p>\n<p class=\"western\" style=\"text-align: center;\"><!-- Awesome Flickr Gallery Start --><!-- - Version - 3.5.6 - User ID - 101598051@N08 - Photoset ID -  - Gallery ID -  - Group ID -  - Tags - UABASast_ravn - Popular -  - Per Page - 10 - Sort Order - flickr - Photo Size - _m - Custom Size - 0 - Square - false - Captions - off - Description - off - Columns - 2 - Credit Note - off - Background Color - Transparent - Width - auto - Pagination - on - Slideshow - colorbox - Disable slideshow? - --><div class='afg-gallery custom-gallery-37' id='afg-37' style='background-color:Transparent; width:100%; color:; border-color:Transparent;'><div class='afg-table' style='width:100%'><div class='afg-row'><div class='afg-cell' style='width:50%;'><a class='afgcolorbox' rel='example437'  href='https:\/\/farm1.staticflickr.com\/415\/18907428543_45d3a86047_b.jpg' title='Sastanak s ravnateljima, UABA Opatija'><img class='afg-img' title='Sastanak s ravnateljima, UABA Opatija' src='https:\/\/farm1.static.flickr.com\/415\/18907428543_45d3a86047_m.jpg' alt='Sastanak s ravnateljima, UABA Opatija \u2022 &lt;a style=&quot;font-size:0.8em;&quot; href=&quot;http:\/\/www.flickr.com\/photos\/101598051@N08\/18907428543\/&quot; target=&quot;_blank&quot;&gt;View on Flickr&lt;\/a&gt;'\/><\/a><\/div><div class='afg-cell' style='width:50%;'><a class='afgcolorbox' rel='example437'  href='https:\/\/farm1.staticflickr.com\/312\/19532533361_854d5b43f9_b.jpg' title='Sastanak s ravnateljima, UABA Opatija'><img class='afg-img' title='Sastanak s ravnateljima, UABA Opatija' src='https:\/\/farm1.static.flickr.com\/312\/19532533361_854d5b43f9_m.jpg' alt='Sastanak s ravnateljima, UABA Opatija \u2022 &lt;a style=&quot;font-size:0.8em;&quot; href=&quot;http:\/\/www.flickr.com\/photos\/101598051@N08\/19532533361\/&quot; target=&quot;_blank&quot;&gt;View on Flickr&lt;\/a&gt;'\/><\/a><\/div><\/div><div class='afg-row'><div class='afg-cell' style='width:50%;'><a class='afgcolorbox' rel='example437'  href='https:\/\/farm1.staticflickr.com\/544\/19341788209_6aa6c7f4d9_b.jpg' title='Sastanak s ravnateljima, UABA Opatija'><img class='afg-img' title='Sastanak s ravnateljima, UABA Opatija' src='https:\/\/farm1.static.flickr.com\/544\/19341788209_6aa6c7f4d9_m.jpg' alt='Sastanak s ravnateljima, UABA Opatija \u2022 &lt;a style=&quot;font-size:0.8em;&quot; href=&quot;http:\/\/www.flickr.com\/photos\/101598051@N08\/19341788209\/&quot; target=&quot;_blank&quot;&gt;View on Flickr&lt;\/a&gt;'\/><\/a><\/div><div class='afg-cell' style='width:50%;'><a class='afgcolorbox' rel='example437'  href='https:\/\/farm1.staticflickr.com\/325\/19528274525_aa6c5c7765_b.jpg' title='Sastanak s ravnateljima, UABA Opatija'><img class='afg-img' title='Sastanak s ravnateljima, UABA Opatija' src='https:\/\/farm1.static.flickr.com\/325\/19528274525_aa6c5c7765_m.jpg' alt='Sastanak s ravnateljima, UABA Opatija \u2022 &lt;a style=&quot;font-size:0.8em;&quot; href=&quot;http:\/\/www.flickr.com\/photos\/101598051@N08\/19528274525\/&quot; target=&quot;_blank&quot;&gt;View on Flickr&lt;\/a&gt;'\/><\/a><\/div><\/div><div class='afg-row'><div class='afg-cell' style='width:50%;'><a class='afgcolorbox' rel='example437'  href='https:\/\/farm1.staticflickr.com\/316\/19528269645_cf30edba9a_b.jpg' title='Sastanak s ravnateljima, UABA Opatija'><img class='afg-img' title='Sastanak s ravnateljima, UABA Opatija' src='https:\/\/farm1.static.flickr.com\/316\/19528269645_cf30edba9a_m.jpg' alt='Sastanak s ravnateljima, UABA Opatija \u2022 &lt;a style=&quot;font-size:0.8em;&quot; href=&quot;http:\/\/www.flickr.com\/photos\/101598051@N08\/19528269645\/&quot; target=&quot;_blank&quot;&gt;View on Flickr&lt;\/a&gt;'\/><\/a><\/div><div class='afg-cell' style='width:50%;'><a class='afgcolorbox' rel='example437'  href='https:\/\/farm1.staticflickr.com\/423\/18907409933_295a6e4fdf_b.jpg' title='Sastanak s ravnateljima, UABA Opatija'><img class='afg-img' title='Sastanak s ravnateljima, UABA Opatija' src='https:\/\/farm1.static.flickr.com\/423\/18907409933_295a6e4fdf_m.jpg' alt='Sastanak s ravnateljima, UABA Opatija \u2022 &lt;a style=&quot;font-size:0.8em;&quot; href=&quot;http:\/\/www.flickr.com\/photos\/101598051@N08\/18907409933\/&quot; target=&quot;_blank&quot;&gt;View on Flickr&lt;\/a&gt;'\/><\/a><\/div><\/div><div class='afg-row'><div class='afg-cell' style='width:50%;'><a class='afgcolorbox' rel='example437'  href='https:\/\/farm4.staticflickr.com\/3757\/19340339890_f2216e36ec_b.jpg' title='Sastanak s ravnateljima, UABA Opatija'><img class='afg-img' title='Sastanak s ravnateljima, UABA Opatija' src='https:\/\/farm4.static.flickr.com\/3757\/19340339890_f2216e36ec_m.jpg' alt='Sastanak s ravnateljima, UABA Opatija \u2022 &lt;a style=&quot;font-size:0.8em;&quot; href=&quot;http:\/\/www.flickr.com\/photos\/101598051@N08\/19340339890\/&quot; target=&quot;_blank&quot;&gt;View on Flickr&lt;\/a&gt;'\/><\/a><\/div><div class='afg-cell' style='width:50%;'><a class='afgcolorbox' rel='example437'  href='https:\/\/farm1.staticflickr.com\/429\/19502154186_1d119724cb_b.jpg' title='Sastanak s ravnateljima, UABA Opatija'><img class='afg-img' title='Sastanak s ravnateljima, UABA Opatija' src='https:\/\/farm1.static.flickr.com\/429\/19502154186_1d119724cb_m.jpg' alt='Sastanak s ravnateljima, UABA Opatija \u2022 &lt;a style=&quot;font-size:0.8em;&quot; href=&quot;http:\/\/www.flickr.com\/photos\/101598051@N08\/19502154186\/&quot; target=&quot;_blank&quot;&gt;View on Flickr&lt;\/a&gt;'\/><\/a><\/div><\/div><\/div><\/div><!-- Awesome Flickr Gallery End --><\/p>\n","protected":false},"excerpt":{"rendered":"<p>Danas je, kao i svake godine, prije konca \u0161kolske godine odr\u017ean radni sastanak \u010delnika opatijske Udruge antifa\u0161ista sa ravnateljima i profesorima povijesti (etike, filozofije) svih opatijskih \u0161kola. Cilj sastanka bio je analiza suradnje tijekom protekle \u0161kolske godine kao i dogovaranje zajedni\u010dkih akcija i njihovih termina u narednoj \u0161kolskoj godini. Predsjednik UABA Oleg Mandi\u0107 u ulozi &hellip; <\/p>\n<p class=\"link-more\"><a href=\"http:\/\/www.uaba-opatija.hr\/index.php\/odrzan-tradicionalni-godisnji-sastanak-uaba-s-opatijskim-skolama\/\" class=\"more-link\">Nastavi \u010ditati<span class=\"screen-reader-text\"> &#8220;ODR\u017dAN TRADICIONALNI GODI\u0160NJI SASTANAK UABA S OPATIJSKIM \u0160KOLAMA&#8221;<\/span><\/a><\/p>\n","protected":false},"author":1,"featured_media":0,"comment_status":"closed","ping_status":"open","sticky":false,"template":"","format":"standard","meta":{"_monsterinsights_skip_tracking":false,"_monsterinsights_sitenote_active":false,"_monsterinsights_sitenote_note":"","_monsterinsights_sitenote_category":0,"footnotes":""},"categories":[3],"tags":[],"class_list":["post-378","post","type-post","status-publish","format-standard","hentry","category-novosti"],"_links":{"self":[{"href":"http:\/\/www.uaba-opatija.hr\/index.php\/wp-json\/wp\/v2\/posts\/378","targetHints":{"allow":["GET"]}}],"collection":[{"href":"http:\/\/www.uaba-opatija.hr\/index.php\/wp-json\/wp\/v2\/posts"}],"about":[{"href":"http:\/\/www.uaba-opatija.hr\/index.php\/wp-json\/wp\/v2\/types\/post"}],"author":[{"embeddable":true,"href":"http:\/\/www.uaba-opatija.hr\/index.php\/wp-json\/wp\/v2\/users\/1"}],"replies":[{"embeddable":true,"href":"http:\/\/www.uaba-opatija.hr\/index.php\/wp-json\/wp\/v2\/comments?post=378"}],"version-history":[{"count":1,"href":"http:\/\/www.uaba-opatija.hr\/index.php\/wp-json\/wp\/v2\/posts\/378\/revisions"}],"predecessor-version":[{"id":379,"href":"http:\/\/www.uaba-opatija.hr\/index.php\/wp-json\/wp\/v2\/posts\/378\/revisions\/379"}],"wp:attachment":[{"href":"http:\/\/www.uaba-opatija.hr\/index.php\/wp-json\/wp\/v2\/media?parent=378"}],"wp:term":[{"taxonomy":"category","embeddable":true,"href":"http:\/\/www.uaba-opatija.hr\/index.php\/wp-json\/wp\/v2\/categories?post=378"},{"taxonomy":"post_tag","embeddable":true,"href":"http:\/\/www.uaba-opatija.hr\/index.php\/wp-json\/wp\/v2\/tags?post=378"}],"curies":[{"name":"wp","href":"https:\/\/api.w.org\/{rel}","templated":true}]}}