{"id":384,"date":"2015-07-29T11:01:36","date_gmt":"2015-07-29T10:01:36","guid":{"rendered":"http:\/\/www.uaba-opatija.hr\/?p=384"},"modified":"2015-07-29T11:11:52","modified_gmt":"2015-07-29T10:11:52","slug":"zavrsena-skola-mira-u-savudriji","status":"publish","type":"post","link":"http:\/\/www.uaba-opatija.hr\/index.php\/zavrsena-skola-mira-u-savudriji\/","title":{"rendered":"ZAVR\u0160ENA \u0160KOLA MIRA U SAVUDRIJI"},"content":{"rendered":"<p class=\"western\"><span style=\"font-family: 'Times New Roman', serif;\"><span style=\"font-size: large;\">Savudrija \u2013 Zavr\u0161ena je druga \u0160kola mira u Savudriji, koja je u protekla tri tjedna brojne hrvatske \u0161kolarce \u2013 me\u0111u kojima i mnoge \u0111ake liburnijskih \u0161kola \u2013 educirala o vrijednostima ljudskih prava i tolerancije.<\/span><\/span><\/p>\n<figure style=\"width: 640px\" class=\"wp-caption alignleft\"><img loading=\"lazy\" decoding=\"async\" class=\"\" src=\"https:\/\/farm1.staticflickr.com\/419\/20110524455_c7bcf05e91_z.jpg\" alt=\"\" width=\"640\" height=\"427\" \/><figcaption class=\"wp-caption-text\">Polaznici \u0160kole mira 2015<\/figcaption><\/figure>\n<p class=\"western\"><span style=\"font-family: 'Times New Roman', serif;\"><span style=\"font-size: large;\">\u0160kola mira zaklju\u010dena je u nedjelju rastankom s kampom Veli Jo\u017ee, a dan ranije odr\u017eana je i sve\u010dana proslava Dana \u0161kole kojoj su se odazvali ministar branitelja Predrag Mati\u0107, zamjenik ministra turizma Daglas Koraca, do\u017eupanica Istarske \u017eupanije Viviana Benussi, dogradona\u010delnica Umaga Floriana Bassanese Radin, predsjedni SABA RH Franjo Habulin te predstavnici udruga antifa\u0161ista i ravnatelji srednjih \u0161kola.<\/span><\/span><\/p>\n<p class=\"western\"><span style=\"font-family: 'Times New Roman', serif;\"><span style=\"font-size: large;\">Kako je istaknula pedago\u0161ka voditeljica \u0161kole Dijana Pa\u017ein, od 5. do 26. srpnja u radu \u0161kole sudjelovao je \u010dak 81 polaznik iz Istarske, Primorsko \u2013 Goranske, Me\u0111imurske, Vara\u017edinske te Vukovarsko \u2013 Srijemske \u017eupanije, od \u010dega je 29 polaznika u Savudriju krenulo upravo posredstvom na\u0161e opatijske udruge. A me\u0111u ostalima su najbrojniji bili Buze\u0107ani sa 21 u\u010desnikom. <\/span><\/span><\/p>\n<p class=\"western\"><span style=\"font-family: 'Times New Roman', serif;\"><span style=\"font-size: large;\">Predavanja u \u0161koli dr\u017eali su poznati medijski, kulturni i znanstveni radnici, kao i predstavnici civilnog sektora, poput Igora Jovanovi\u0107a, \u017darka Beri\u0107a, Olega Mandi\u0107a, Nevena \u0160anti\u0107a, Drage Kraljevi\u0107a, Pina Degrassija i Sandija Blagoni\u0107a koji su predavali o temama kao \u0161to su \u201dAntifa\u0161izam i antifa\u0161isti\u010dka borba u Istri i Hrvatskoj do kraja II. Svjetskog rata\u201d, \u201dHolokaust i totalitarizam\u201d, \u201dFa\u0161izam i antifa\u0161izam u dana\u0161njem diskursu\u201d, \u201dOd bratstva i jedinstva do su\u017eivota u Istri\u201d, \u201dEkstremizam u dana\u0161njoj perspektivi\u201d, \u201dEsuli i optanti \u2013 multiperspektivni pregled\u201d te \u201dLjudsko dostojanstvo i ljudska prava\u201d<\/span><\/span><\/p>\n<p class=\"western\">\u2013 <span style=\"font-family: 'Times New Roman', serif;\"><span style=\"font-size: large;\">Osim obaveznog dijela nastavnog programa rad se odvijao u brojnim sportskim i kreativnim radionicama. Osobito privla\u010dne bile su im likovna radionica pod vodstvom Heidi Brankovi\u0107 iz O\u0160 Marije i Line Umag, radionica partizanskog pjeva\u010dkog zbora \u201eNove snage\u201c, pod ravananjem Mirele Zem\u010dak, tako\u0111er iz O\u0160 Marije i Line te modno-dizajnerska radionica pod vodstvom koreografkinje \u017deljke Si\u0107anice iz Umaga. Realizirano je i studijsko putovanje u zloglasni logor San Sabba u Trstu, te zavi\u010dajni izlet po Buj\u0161tini, kazala je voditeljica projekta \u0160kola Mira &#8211; Sanja Bosni\u0107.<\/span><\/span><\/p>\n<p class=\"western\" style=\"text-align: center;\"><!-- Awesome Flickr Gallery Start --><!-- - Version - 3.5.6 - User ID - 101598051@N08 - Photoset ID -  - Gallery ID -  - Group ID -  - Tags - SkolaMira2015Finale - Popular -  - Per Page - 10 - Sort Order - flickr - Photo Size - _m - Custom Size - 0 - Square - false - Captions - off - Description - off - Columns - 2 - Credit Note - off - Background Color - Transparent - Width - auto - Pagination - on - Slideshow - colorbox - Disable slideshow? - --><div class='afg-gallery custom-gallery-39' id='afg-39' style='background-color:Transparent; width:100%; color:; border-color:Transparent;'><div class='afg-table' style='width:100%'><div class='afg-row'><div class='afg-cell' style='width:50%;'><a class='afgcolorbox' rel='example439'  href='https:\/\/farm4.static.flickr.com\/3748\/19922436058_41e10a95a5_z.jpg' title='Franjo Habulin i Sanja Bosni\u0107 voditeljica \u0161kole'><img class='afg-img' title='Franjo Habulin i Sanja Bosni\u0107 voditeljica \u0161kole' src='https:\/\/farm4.static.flickr.com\/3748\/19922436058_41e10a95a5_m.jpg' alt='Franjo Habulin i Sanja Bosni\u0107 voditeljica \u0161kole \u2022 &lt;a style=&quot;font-size:0.8em;&quot; href=&quot;http:\/\/www.flickr.com\/photos\/101598051@N08\/19922436058\/&quot; target=&quot;_blank&quot;&gt;View on Flickr&lt;\/a&gt;'\/><\/a><\/div><div class='afg-cell' style='width:50%;'><a class='afgcolorbox' rel='example439'  href='https:\/\/farm1.staticflickr.com\/392\/20110533065_67d319bf5d_b.jpg' title='Ministar Predrag Mati\u0107'><img class='afg-img' title='Ministar Predrag Mati\u0107' src='https:\/\/farm1.static.flickr.com\/392\/20110533065_67d319bf5d_m.jpg' alt='Ministar Predrag Mati\u0107 \u2022 &lt;a style=&quot;font-size:0.8em;&quot; href=&quot;http:\/\/www.flickr.com\/photos\/101598051@N08\/20110533065\/&quot; target=&quot;_blank&quot;&gt;View on Flickr&lt;\/a&gt;'\/><\/a><\/div><\/div><div class='afg-row'><div class='afg-cell' style='width:50%;'><a class='afgcolorbox' rel='example439'  href='https:\/\/farm1.static.flickr.com\/508\/19487897094_fee97769b7_z.jpg' title='mir'><img class='afg-img' title='mir' src='https:\/\/farm1.static.flickr.com\/508\/19487897094_fee97769b7_m.jpg' alt='mir \u2022 &lt;a style=&quot;font-size:0.8em;&quot; href=&quot;http:\/\/www.flickr.com\/photos\/101598051@N08\/19487897094\/&quot; target=&quot;_blank&quot;&gt;View on Flickr&lt;\/a&gt;'\/><\/a><\/div><div class='afg-cell' style='width:50%;'><a class='afgcolorbox' rel='example439'  href='https:\/\/farm1.staticflickr.com\/334\/20115992181_f8a228ffdb_b.jpg' title='Miro Kirin\u010di\u0107, tajnik SABA RH'><img class='afg-img' title='Miro Kirin\u010di\u0107, tajnik SABA RH' src='https:\/\/farm1.static.flickr.com\/334\/20115992181_f8a228ffdb_m.jpg' alt='Miro Kirin\u010di\u0107, tajnik SABA RH \u2022 &lt;a style=&quot;font-size:0.8em;&quot; href=&quot;http:\/\/www.flickr.com\/photos\/101598051@N08\/20115992181\/&quot; target=&quot;_blank&quot;&gt;View on Flickr&lt;\/a&gt;'\/><\/a><\/div><\/div><div class='afg-row'><div class='afg-cell' style='width:50%;'><a class='afgcolorbox' rel='example439'  href='https:\/\/farm1.static.flickr.com\/277\/19922432658_e3a1824441_z.jpg' title='o programu rada_D.Pa\u017ein'><img class='afg-img' title='o programu rada_D.Pa\u017ein' src='https:\/\/farm1.static.flickr.com\/277\/19922432658_e3a1824441_m.jpg' alt='o programu rada_D.Pa\u017ein \u2022 &lt;a style=&quot;font-size:0.8em;&quot; href=&quot;http:\/\/www.flickr.com\/photos\/101598051@N08\/19922432658\/&quot; target=&quot;_blank&quot;&gt;View on Flickr&lt;\/a&gt;'\/><\/a><\/div><div class='afg-cell' style='width:50%;'><a class='afgcolorbox' rel='example439'  href='https:\/\/farm1.static.flickr.com\/305\/20110529685_8297058ef4_z.jpg' title='recital Portret polaznika'><img class='afg-img' title='recital Portret polaznika' src='https:\/\/farm1.static.flickr.com\/305\/20110529685_8297058ef4_m.jpg' alt='recital Portret polaznika \u2022 &lt;a style=&quot;font-size:0.8em;&quot; href=&quot;http:\/\/www.flickr.com\/photos\/101598051@N08\/20110529685\/&quot; target=&quot;_blank&quot;&gt;View on Flickr&lt;\/a&gt;'\/><\/a><\/div><\/div><div class='afg-row'><div class='afg-cell' style='width:50%;'><a class='afgcolorbox' rel='example439'  href='https:\/\/farm4.static.flickr.com\/3698\/19489541143_a09e0fc849_z.jpg' title='ribice s porukom mira pokloni za uzvanike'><img class='afg-img' title='ribice s porukom mira pokloni za uzvanike' src='https:\/\/farm4.static.flickr.com\/3698\/19489541143_a09e0fc849_m.jpg' alt='ribice s porukom mira pokloni za uzvanike \u2022 &lt;a style=&quot;font-size:0.8em;&quot; href=&quot;http:\/\/www.flickr.com\/photos\/101598051@N08\/19489541143\/&quot; target=&quot;_blank&quot;&gt;View on Flickr&lt;\/a&gt;'\/><\/a><\/div><div class='afg-cell' style='width:50%;'><a class='afgcolorbox' rel='example439'  href='https:\/\/farm1.static.flickr.com\/450\/19922511180_4b3e877a3c_z.jpg' title='srce do srca zbor Nove snage'><img class='afg-img' title='srce do srca zbor Nove snage' src='https:\/\/farm1.static.flickr.com\/450\/19922511180_4b3e877a3c_m.jpg' alt='srce do srca zbor Nove snage \u2022 &lt;a style=&quot;font-size:0.8em;&quot; href=&quot;http:\/\/www.flickr.com\/photos\/101598051@N08\/19922511180\/&quot; target=&quot;_blank&quot;&gt;View on Flickr&lt;\/a&gt;'\/><\/a><\/div><\/div><div class='afg-row'><div class='afg-cell' style='width:50%;'><a class='afgcolorbox' rel='example439'  href='https:\/\/farm1.static.flickr.com\/497\/19489539543_f7e002d5ff_z.jpg' title='ugledni gosti'><img class='afg-img' title='ugledni gosti' src='https:\/\/farm1.static.flickr.com\/497\/19489539543_f7e002d5ff_m.jpg' alt='ugledni gosti \u2022 &lt;a style=&quot;font-size:0.8em;&quot; href=&quot;http:\/\/www.flickr.com\/photos\/101598051@N08\/19489539543\/&quot; target=&quot;_blank&quot;&gt;View on Flickr&lt;\/a&gt;'\/><\/a><\/div><div class='afg-cell' style='width:50%;'><a class='afgcolorbox' rel='example439'  href='https:\/\/farm4.static.flickr.com\/3783\/20110525655_dedc635e1e_z.jpg' title='uru\u010divanje priznanja'><img class='afg-img' title='uru\u010divanje priznanja' src='https:\/\/farm4.static.flickr.com\/3783\/20110525655_dedc635e1e_m.jpg' alt='uru\u010divanje priznanja \u2022 &lt;a style=&quot;font-size:0.8em;&quot; href=&quot;http:\/\/www.flickr.com\/photos\/101598051@N08\/20110525655\/&quot; target=&quot;_blank&quot;&gt;View on Flickr&lt;\/a&gt;'\/><\/a><\/div><\/div><div class='afg-row'><a style='display:none' class='afgcolorbox' rel='example439'  href='https:\/\/farm1.static.flickr.com\/553\/20084231576_758e32d704_z.jpg' title='Vanessa Jakac iz Buzeta 12 g'> <img class='afg-img' alt='Vanessa Jakac iz Buzeta 12 g \u2022 &lt;a style=&quot;font-size:0.8em;&quot; href=&quot;http:\/\/www.flickr.com\/photos\/101598051@N08\/20084231576\/&quot; target=&quot;_blank&quot;&gt;View on Flickr&lt;\/a&gt;'  width='75' height='75'><\/a> <\/div><div class='afg-row'><a style='display:none' class='afgcolorbox' rel='example439'  href='https:\/\/farm1.static.flickr.com\/419\/20110524455_c7bcf05e91_z.jpg' title='zajedni\u010dka fotografija'> <img class='afg-img' alt='zajedni\u010dka fotografija \u2022 &lt;a style=&quot;font-size:0.8em;&quot; href=&quot;http:\/\/www.flickr.com\/photos\/101598051@N08\/20110524455\/&quot; target=&quot;_blank&quot;&gt;View on Flickr&lt;\/a&gt;'  width='75' height='75'><\/a> <\/div><div class='afg-row'><a style='display:none' class='afgcolorbox' rel='example439'  href='https:\/\/farm1.static.flickr.com\/461\/19923836069_94b2456e80_z.jpg' title='nastup zbora Nove snage'> <img class='afg-img' alt='nastup zbora Nove snage \u2022 &lt;a style=&quot;font-size:0.8em;&quot; href=&quot;http:\/\/www.flickr.com\/photos\/101598051@N08\/19923836069\/&quot; target=&quot;_blank&quot;&gt;View on Flickr&lt;\/a&gt;'  width='75' height='75'><\/a> <\/div><div class='afg-row'><a style='display:none' class='afgcolorbox' rel='example439'  href='https:\/\/farm1.static.flickr.com\/417\/20115983511_5144c1f9c3_z.jpg' title='zamjenik ministra turizma Daglas Coraza'> <img class='afg-img' alt='zamjenik ministra turizma Daglas Coraza \u2022 &lt;a style=&quot;font-size:0.8em;&quot; href=&quot;http:\/\/www.flickr.com\/photos\/101598051@N08\/20115983511\/&quot; target=&quot;_blank&quot;&gt;View on Flickr&lt;\/a&gt;'  width='75' height='75'><\/a> <\/div><\/div><div class='afg-pagination'><br \/><br \/><font class='afg-page'>&nbsp;&#171; prev&nbsp;<\/font>&nbsp;&nbsp;&nbsp;&nbsp;<font class='afg-cur-page'> 1 <\/font>&nbsp;<a class='afg-page' href='http:\/\/www.uaba-opatija.hr\/index.php\/wp-json\/wp\/v2\/posts\/384?afg39_page_id=2#afg-39' title='Page 2'>&nbsp;2 <\/a>&nbsp;&nbsp;&nbsp;&nbsp;<a class='afg-page' href='http:\/\/www.uaba-opatija.hr\/index.php\/wp-json\/wp\/v2\/posts\/384?afg39_page_id=2#afg-39' title='Next Page'> next &#187; <\/a>&nbsp;<br \/>(14 Photos)<\/div><\/div><!-- Awesome Flickr Gallery End --><\/p>\n","protected":false},"excerpt":{"rendered":"<p>Savudrija \u2013 Zavr\u0161ena je druga \u0160kola mira u Savudriji, koja je u protekla tri tjedna brojne hrvatske \u0161kolarce \u2013 me\u0111u kojima i mnoge \u0111ake liburnijskih \u0161kola \u2013 educirala o vrijednostima ljudskih prava i tolerancije. \u0160kola mira zaklju\u010dena je u nedjelju rastankom s kampom Veli Jo\u017ee, a dan ranije odr\u017eana je i sve\u010dana proslava Dana \u0161kole &hellip; <\/p>\n<p class=\"link-more\"><a href=\"http:\/\/www.uaba-opatija.hr\/index.php\/zavrsena-skola-mira-u-savudriji\/\" class=\"more-link\">Nastavi \u010ditati<span class=\"screen-reader-text\"> &#8220;ZAVR\u0160ENA \u0160KOLA MIRA U SAVUDRIJI&#8221;<\/span><\/a><\/p>\n","protected":false},"author":1,"featured_media":0,"comment_status":"closed","ping_status":"open","sticky":false,"template":"","format":"standard","meta":{"_monsterinsights_skip_tracking":false,"_monsterinsights_sitenote_active":false,"_monsterinsights_sitenote_note":"","_monsterinsights_sitenote_category":0,"footnotes":""},"categories":[9,8,3],"tags":[],"class_list":["post-384","post","type-post","status-publish","format-standard","hentry","category-galerija-foto","category-galerija","category-novosti"],"_links":{"self":[{"href":"http:\/\/www.uaba-opatija.hr\/index.php\/wp-json\/wp\/v2\/posts\/384","targetHints":{"allow":["GET"]}}],"collection":[{"href":"http:\/\/www.uaba-opatija.hr\/index.php\/wp-json\/wp\/v2\/posts"}],"about":[{"href":"http:\/\/www.uaba-opatija.hr\/index.php\/wp-json\/wp\/v2\/types\/post"}],"author":[{"embeddable":true,"href":"http:\/\/www.uaba-opatija.hr\/index.php\/wp-json\/wp\/v2\/users\/1"}],"replies":[{"embeddable":true,"href":"http:\/\/www.uaba-opatija.hr\/index.php\/wp-json\/wp\/v2\/comments?post=384"}],"version-history":[{"count":2,"href":"http:\/\/www.uaba-opatija.hr\/index.php\/wp-json\/wp\/v2\/posts\/384\/revisions"}],"predecessor-version":[{"id":386,"href":"http:\/\/www.uaba-opatija.hr\/index.php\/wp-json\/wp\/v2\/posts\/384\/revisions\/386"}],"wp:attachment":[{"href":"http:\/\/www.uaba-opatija.hr\/index.php\/wp-json\/wp\/v2\/media?parent=384"}],"wp:term":[{"taxonomy":"category","embeddable":true,"href":"http:\/\/www.uaba-opatija.hr\/index.php\/wp-json\/wp\/v2\/categories?post=384"},{"taxonomy":"post_tag","embeddable":true,"href":"http:\/\/www.uaba-opatija.hr\/index.php\/wp-json\/wp\/v2\/tags?post=384"}],"curies":[{"name":"wp","href":"https:\/\/api.w.org\/{rel}","templated":true}]}}