{"id":399,"date":"2015-09-07T10:48:16","date_gmt":"2015-09-07T09:48:16","guid":{"rendered":"http:\/\/www.uaba-opatija.hr\/?p=399"},"modified":"2015-09-15T10:13:34","modified_gmt":"2015-09-15T09:13:34","slug":"odrzano-predavanje-geneza-auschwitza-u-villi-antonio","status":"publish","type":"post","link":"http:\/\/www.uaba-opatija.hr\/index.php\/odrzano-predavanje-geneza-auschwitza-u-villi-antonio\/","title":{"rendered":"Odr\u017eano predavanje Geneza Auschwitza u Villi Antonio"},"content":{"rendered":"<p class=\"western\"><span style=\"font-size: medium;\">Petak nave\u010der u opatijskoj vili Antonio odr\u017ean je svojevrstan performans pod nazivom<img loading=\"lazy\" decoding=\"async\" class=\"alignright\" src=\"https:\/\/farm1.staticflickr.com\/622\/21291414606_45b7790fb3_z.jpg\" alt=\"\" width=\"255\" height=\"191\" \/> GENEZA AUSCHWITZA. <\/span><\/p>\n<p class=\"western\"><span style=\"font-size: medium;\">Event je organizirala opatijska udruga antifa\u0161ista. Dvorana je bila puna: stotinjak gledalaca, koji su u grobnoj ti\u0161ini pratili potresno izlaganje i prezentaciju najve\u0107eg zlo\u010dina Drugog svjetskog rata od strane g. Ryszarda Domasika iz Memorijalnog muzeja Auschwitz-Birkenau.<\/span><\/p>\n<p class=\"western\"><span style=\"font-size: medium;\"><img loading=\"lazy\" decoding=\"async\" class=\"alignleft\" src=\"https:\/\/farm6.staticflickr.com\/5714\/21317665655_0500cc613c_z.jpg\" alt=\"\" width=\"311\" height=\"233\" \/>Gospodina Domasika je predstavio Oleg Mandi\u0107 (82), biv\u0161i au\u0161vicki uznik (br.189488), dok je iz publike predstavio gospo\u0111u Sonju Vra\u0161\u010daj (89) iz Se\u017eane, au\u0161vicku zatvorenicu (br. 82396), koju je na opatijski event uputila Zveza antifa\u0161istov Slovenije.<\/span><\/p>\n<p class=\"western\"><span style=\"font-size: medium;\">Domasik, poljak, na te\u010dnom je hrvatskom jeziku, jedan sat, izlagao povijest Auschwitza usput provev\u0161i, virtualno, uzbu\u0111ene posjetioce, kobnim logorskim stazama, barakama u kojima su vr\u0161eni dubiozni medicinski eksperimenti, podrumima za mu\u010denje, zidom smrti, u\u017easima \u017eeljezni\u010dke rampe u Birkenau gdje se vr\u0161ila selekcija za krematorij, te fascinantnim eksponatima Memorijalnog muzeja.<\/span><\/p>\n<p class=\"western\"><span style=\"font-size: medium;\">Na koncu se odgovaralo na upite posjetilaca. Spontani pljesak je izazvao Domasikov <img loading=\"lazy\" decoding=\"async\" class=\"alignright\" src=\"https:\/\/farm6.staticflickr.com\/5621\/21130785089_ec9e304dd7_z.jpg\" alt=\"\" width=\"315\" height=\"236\" \/>odgovor na pitanje <\/span><span style=\"font-size: medium;\"><i>Kako se osje\u0107ate rade\u0107i ve\u0107 25 godina u sredini koja vas neumitno podsje\u0107a ne sve te u\u017ease? <\/i><\/span><span style=\"font-size: medium;\">: \u201eSpoznaja da radi\u0161 ne\u0161to dru\u0161tveno korisno ja\u010da je od svake neugode\u2026 A u ovom \u010dasu, obzirom na postoje\u0107u moralno-politi\u010dku svjetsku krizu, na\u0161\/moj posao poprima globalni zna\u010daj\u201c.<\/span><\/p>\n<p class=\"western\"><span style=\"font-size: medium;\">Uz zavr\u0161ni pljesak valja ista\u0107i rije\u010di zahvale \u0161to ih je Domasiku uputio gradona\u010delnik Dujmi\u0107, kao i nazo\u010dnost prijateljskih udruga Buzeta i Liburnije, te mons. Nikole Uravi\u0107a, izaslanika rije\u010dke nadbiskupije kao i Dinka Tamaruta, predsjednika <\/span><span style=\"font-size: medium;\">\u017eupanijskoga<\/span><span style=\"font-size: medium;\"> SABA.<\/span><\/p>\n<p class=\"western\" style=\"text-align: center;\"><!-- Awesome Flickr Gallery Start --><!-- - Version - 3.5.6 - User ID - 101598051@N08 - Photoset ID -  - Gallery ID -  - Group ID -  - Tags - \"Geneza Auschwitza\" - Popular -  - Per Page - 10 - Sort Order - flickr - Photo Size - _m - Custom Size - 0 - Square - false - Captions - off - Description - off - Columns - 2 - Credit Note - off - Background Color - Transparent - Width - auto - Pagination - on - Slideshow - colorbox - Disable slideshow? - --><div class='afg-gallery custom-gallery-44' id='afg-44' style='background-color:Transparent; width:100%; color:; border-color:Transparent;'><div class='afg-table' style='width:100%'><\/div><\/div><!-- Awesome Flickr Gallery End --><\/p>\n","protected":false},"excerpt":{"rendered":"<p>Petak nave\u010der u opatijskoj vili Antonio odr\u017ean je svojevrstan performans pod nazivom GENEZA AUSCHWITZA. Event je organizirala opatijska udruga antifa\u0161ista. Dvorana je bila puna: stotinjak gledalaca, koji su u grobnoj ti\u0161ini pratili potresno izlaganje i prezentaciju najve\u0107eg zlo\u010dina Drugog svjetskog rata od strane g. Ryszarda Domasika iz Memorijalnog muzeja Auschwitz-Birkenau. Gospodina Domasika je predstavio Oleg &hellip; <\/p>\n<p class=\"link-more\"><a href=\"http:\/\/www.uaba-opatija.hr\/index.php\/odrzano-predavanje-geneza-auschwitza-u-villi-antonio\/\" class=\"more-link\">Nastavi \u010ditati<span class=\"screen-reader-text\"> &#8220;Odr\u017eano predavanje Geneza Auschwitza u Villi Antonio&#8221;<\/span><\/a><\/p>\n","protected":false},"author":1,"featured_media":0,"comment_status":"closed","ping_status":"open","sticky":false,"template":"","format":"standard","meta":{"_monsterinsights_skip_tracking":false,"_monsterinsights_sitenote_active":false,"_monsterinsights_sitenote_note":"","_monsterinsights_sitenote_category":0,"footnotes":""},"categories":[9,8,3],"tags":[],"class_list":["post-399","post","type-post","status-publish","format-standard","hentry","category-galerija-foto","category-galerija","category-novosti"],"_links":{"self":[{"href":"http:\/\/www.uaba-opatija.hr\/index.php\/wp-json\/wp\/v2\/posts\/399","targetHints":{"allow":["GET"]}}],"collection":[{"href":"http:\/\/www.uaba-opatija.hr\/index.php\/wp-json\/wp\/v2\/posts"}],"about":[{"href":"http:\/\/www.uaba-opatija.hr\/index.php\/wp-json\/wp\/v2\/types\/post"}],"author":[{"embeddable":true,"href":"http:\/\/www.uaba-opatija.hr\/index.php\/wp-json\/wp\/v2\/users\/1"}],"replies":[{"embeddable":true,"href":"http:\/\/www.uaba-opatija.hr\/index.php\/wp-json\/wp\/v2\/comments?post=399"}],"version-history":[{"count":6,"href":"http:\/\/www.uaba-opatija.hr\/index.php\/wp-json\/wp\/v2\/posts\/399\/revisions"}],"predecessor-version":[{"id":405,"href":"http:\/\/www.uaba-opatija.hr\/index.php\/wp-json\/wp\/v2\/posts\/399\/revisions\/405"}],"wp:attachment":[{"href":"http:\/\/www.uaba-opatija.hr\/index.php\/wp-json\/wp\/v2\/media?parent=399"}],"wp:term":[{"taxonomy":"category","embeddable":true,"href":"http:\/\/www.uaba-opatija.hr\/index.php\/wp-json\/wp\/v2\/categories?post=399"},{"taxonomy":"post_tag","embeddable":true,"href":"http:\/\/www.uaba-opatija.hr\/index.php\/wp-json\/wp\/v2\/tags?post=399"}],"curies":[{"name":"wp","href":"https:\/\/api.w.org\/{rel}","templated":true}]}}