{"id":418,"date":"2015-10-30T17:22:58","date_gmt":"2015-10-30T16:22:58","guid":{"rendered":"http:\/\/www.uaba-opatija.hr\/?p=418"},"modified":"2015-10-30T17:22:58","modified_gmt":"2015-10-30T16:22:58","slug":"posjet-uaba-grada-opatije-rovinju","status":"publish","type":"post","link":"http:\/\/www.uaba-opatija.hr\/index.php\/posjet-uaba-grada-opatije-rovinju\/","title":{"rendered":"Posjet UABA Grada Opatije Rovinju"},"content":{"rendered":"<p>Ve\u0107 tradicionalno svake godine u studenom UABA Grada Opatije organizira jednodnevni posjet nekom od na\u0161ih gradova, mjesta ili otoka.<br \/>\nNakon povratka sa ovogodi\u0161njeg, tajnica Suzi Cvjetkovi\u0107 nam je ispri\u010dala slijede\u0107e:<br \/>\nSvaki na\u0161 posjet je povijesno i kulturno odre\u0111en a imamo i unaprijed dogovorene susrete s antifa\u0161istima tog kraja.<br \/>\nOve godine destinacija je bila Rovinj i Limski kanal.<\/p>\n<figure style=\"width: 376px\" class=\"wp-caption alignleft\"><img loading=\"lazy\" decoding=\"async\" class=\"\" src=\"https:\/\/farm1.staticflickr.com\/745\/22582847576_b94eb5ce0b_z.jpg\" alt=\"\" width=\"376\" height=\"282\" \/><figcaption class=\"wp-caption-text\">Polaganje vijenaca<\/figcaption><\/figure>\n<p>Na\u0161i \u010dlanovi, njih 49, krenuli su 24.10.2015. na putovanje kroz Istru. Odlu\u010dili smo da \u0107emo putovati uz more preko Mo\u0161\u0107eni\u010dke Drage, Plomina i \u010cepi\u0107 polja. Dan je bio predivan a sam pogled na na\u0161u obalu i Kvarner uvijek izaziva odu\u0161evljenje.<br \/>\nU Rovinju smo uz stru\u010dno vodstvo turisti\u010dkog vodi\u010da razgledali znamenitosti grada.<br \/>\nNakon razgleda susreli smo se s antifa\u0161istima Rovinja na \u010delu s njihovim predsjednikom Dragom Puli\u0107em i tajnikom Romeom Mato\u0161evi\u0107em. Prenijeli smo im svoja iskustva u radu Udruge i polo\u017eili vijenac na lokalni spomenik.<br \/>\nPut nas je dalje poveo do Uljare u kojoj smo vidjeli proizvodnju maslinova ulja, a nakon <img loading=\"lazy\" decoding=\"async\" class=\"alignright\" src=\"https:\/\/farm6.staticflickr.com\/5790\/21987697863_6de2a9839e_n.jpg\" alt=\"\" width=\"320\" height=\"240\" \/>toga prema Limskom kanalu. Tu smo u\u017eivali u ljepoti prirode i oazi mira i opu\u0161tanja.<br \/>\nKako je sve i\u0161lo prema planu do\u0161li smo i do Dva baladura &#8211; agroturizma gdje smo imali organiziran ru\u010dak. Uz harmoniku, pjesmu i ples, vrijeme je brzo pro\u0161lo ali valjalo je krenuti natrag.<br \/>\nSvi su bili jako zadovoljni izletom i jo\u0161 je jednom potvr\u0111eno da upravo dru\u017eenja puno doprinose radu Udruge i zajedni\u0161tvu.<br \/>\nPutovanje je iskoristio na\u0161 dugogodi\u0161nji predsjednik Oleg Mandi\u0107 da najavi skora\u0161nje napu\u0161tanje \u010delni\u0161tva UABA, \u0161to je u\u010dinio slijede\u0107im rije\u010dima:<\/p>\n<p>Okupili smo se na posljednjem izletu u mojoj predsjedni\u010dkoj eri. Koristim priliku da vam se obratim sa par rije\u010di.<br \/>\nU prvom redu zahvaljujem vam na ugodnom ozra\u010dju \u0161to smo ga imali pri realizaciji svakog projekta i projekti\u0107a, \u010dime smo manifestirali zajedni\u0161tvo i privr\u017eenost postavljenim ciljevima. A da ih je bilo proteklih godina \u2013 bilo je.<br \/>\nNabrojit \u0107u ih samo nekoliko: Dani antifa\u0161izma u Opatiji koje smo doveli ve\u0107 do 7-og izdanja, pa izlo\u017eba \u201eCrna no\u0107 je \u0161api\u0107ala\u2026\u201c, pa Memento i svi eventi vezani za Auschwitrz, pa 70-ta godi\u0161njica Oslobo\u0111enja Opatije, pa Jama I\u010di\u0107i, pa otvaranje web stranice, pa akcija koja je jo\u0161 u toku vezana za Fond solidarnosti, itd, itd.<br \/>\nKako rekoh, projekata i projekti\u0107a, djelatnosti i akcija je bilo jo\u0161. Mnogo. Kao u pri\u010di. Ali sve to postepeno blijedi u mojim sje\u0107anjima. I upravo ta moja progresivna zaboravljivost, \u010desto uobi\u010dajena u mojim godinama, bila je presudna u mojoj odluci da se povu\u010dem sa mjesta predsjednika na\u0161e udruge. Na\u0161a je UABA pre-vrijedan dragulj da bi ju se moglo i smjelo voditi samo sa pola snage. Napravili smo od udruge prepoznatljiv opatijski brend na kojem nam svi zavide i valja nam ga \u010duvati.<br \/>\nStoga radimo ve\u0107 6 mjeseci na sukcesiji, kako moj svojevrsni odlazak ne bi poremetio nesmetan daljnji razvitak udruge. Na\u0161e je Predsjedni\u0161tvo prihvatilo moj prijedlog da polo\u017eaj predsjednika UABA Grada Opatije preuzme na\u0161 vrli \u010dlan i prijatelj Bruno Star\u010di\u0107, koji koncem godine zavr\u0161ava svoj radni vijek odlaskom u mirovinu. Ja \u0107u 17. prosinca na sastanku Predsjedni\u0161tva dati ostavku, a Bruna \u0107emo izabrati i formalno za novog predsjednika. Bruno se ve\u0107 nekoliko mjeseci aktivno uklju\u010dio u rad na vo\u0111enju udruge, pa vas uvjeravam, da nije ovih mojih rije\u010di, ne bi ustvari ni znali za najavljenu promjenu na na\u0161em vrhu.<br \/>\nOva pak moja svojevrsna oprosna rije\u010d ne bi bila po\u0161tena kad ne bi pocrtao da svi uspjesi na\u0161e udruge ne bi bili mogu\u0107i da nisam sve ove godine uza se imao vrlu suradnicu u liku drage nam tajnice Suzi kojoj i ovom zgodom prenosim najiskrenije HVALA. Ali i s jednom molbom: da jednako tako nastavi, u ulozi Brunotove desne ruke.<br \/>\n\u0160to se pak dana\u0161njeg izleta ti\u010de, treba da znate slijede\u0107e: kao odgovorna osoba za financijsko poslovanje udruge, pripremaju\u0107i primopredaju, prona\u0161ao sam malo skrivene rezerve, pa sam smatrao prikladnim da nas na\u0161a udruga po prvi put u mojih 8 godina predsjednikovanja po\u010dasti &#8211; nas sve, potpuno besplatnim izletom. Mislim da smo si to i zaslu\u017eili!<\/p>\n<figure style=\"width: 640px\" class=\"wp-caption aligncenter\"><img loading=\"lazy\" decoding=\"async\" class=\"\" src=\"https:\/\/farm1.staticflickr.com\/657\/22420922520_130d5950bc_z.jpg\" alt=\"\" width=\"640\" height=\"480\" \/><figcaption class=\"wp-caption-text\">Zajedni\u010dka fotografija u Rovinju<\/figcaption><\/figure>\n","protected":false},"excerpt":{"rendered":"<p>Ve\u0107 tradicionalno svake godine u studenom UABA Grada Opatije organizira jednodnevni posjet nekom od na\u0161ih gradova, mjesta ili otoka. Nakon povratka sa ovogodi\u0161njeg, tajnica Suzi Cvjetkovi\u0107 nam je ispri\u010dala slijede\u0107e: Svaki na\u0161 posjet je povijesno i kulturno odre\u0111en a imamo i unaprijed dogovorene susrete s antifa\u0161istima tog kraja. Ove godine destinacija je bila Rovinj i &hellip; <\/p>\n<p class=\"link-more\"><a href=\"http:\/\/www.uaba-opatija.hr\/index.php\/posjet-uaba-grada-opatije-rovinju\/\" class=\"more-link\">Nastavi \u010ditati<span class=\"screen-reader-text\"> &#8220;Posjet UABA Grada Opatije Rovinju&#8221;<\/span><\/a><\/p>\n","protected":false},"author":1,"featured_media":0,"comment_status":"closed","ping_status":"open","sticky":false,"template":"","format":"standard","meta":{"_monsterinsights_skip_tracking":false,"_monsterinsights_sitenote_active":false,"_monsterinsights_sitenote_note":"","_monsterinsights_sitenote_category":0,"footnotes":""},"categories":[5,3],"tags":[],"class_list":["post-418","post","type-post","status-publish","format-standard","hentry","category-aktivnosti-izleti","category-novosti"],"_links":{"self":[{"href":"http:\/\/www.uaba-opatija.hr\/index.php\/wp-json\/wp\/v2\/posts\/418","targetHints":{"allow":["GET"]}}],"collection":[{"href":"http:\/\/www.uaba-opatija.hr\/index.php\/wp-json\/wp\/v2\/posts"}],"about":[{"href":"http:\/\/www.uaba-opatija.hr\/index.php\/wp-json\/wp\/v2\/types\/post"}],"author":[{"embeddable":true,"href":"http:\/\/www.uaba-opatija.hr\/index.php\/wp-json\/wp\/v2\/users\/1"}],"replies":[{"embeddable":true,"href":"http:\/\/www.uaba-opatija.hr\/index.php\/wp-json\/wp\/v2\/comments?post=418"}],"version-history":[{"count":1,"href":"http:\/\/www.uaba-opatija.hr\/index.php\/wp-json\/wp\/v2\/posts\/418\/revisions"}],"predecessor-version":[{"id":419,"href":"http:\/\/www.uaba-opatija.hr\/index.php\/wp-json\/wp\/v2\/posts\/418\/revisions\/419"}],"wp:attachment":[{"href":"http:\/\/www.uaba-opatija.hr\/index.php\/wp-json\/wp\/v2\/media?parent=418"}],"wp:term":[{"taxonomy":"category","embeddable":true,"href":"http:\/\/www.uaba-opatija.hr\/index.php\/wp-json\/wp\/v2\/categories?post=418"},{"taxonomy":"post_tag","embeddable":true,"href":"http:\/\/www.uaba-opatija.hr\/index.php\/wp-json\/wp\/v2\/tags?post=418"}],"curies":[{"name":"wp","href":"https:\/\/api.w.org\/{rel}","templated":true}]}}