{"id":493,"date":"2016-04-23T08:06:27","date_gmt":"2016-04-23T07:06:27","guid":{"rendered":"http:\/\/www.uaba-opatija.hr\/?p=493"},"modified":"2016-06-11T22:26:49","modified_gmt":"2016-06-11T21:26:49","slug":"komemoracija-u-spomen-parku-jama-icici","status":"publish","type":"post","link":"http:\/\/www.uaba-opatija.hr\/index.php\/komemoracija-u-spomen-parku-jama-icici\/","title":{"rendered":"Komemoracija u Spomen parku Jama &#8220;I\u010di\u0107i&#8221;"},"content":{"rendered":"<figure style=\"width: 244px\" class=\"wp-caption alignleft\"><img loading=\"lazy\" decoding=\"async\" src=\"https:\/\/farm8.staticflickr.com\/7197\/14070222152_55a428d234_z_d.jpg\" width=\"244\" height=\"162\" \/><figcaption class=\"wp-caption-text\">Komemoracija I\u010di\u0107i<\/figcaption><\/figure>\n<p>U osvit zavr\u0161etka II svjetskog rata 24.4.1945.godine mu\u010dki je ubijeno 37 civila u I\u010di\u0107ima i ba\u010deno u jamu.<br \/>\nSvake godine na taj dan odr\u017eava se komemoracija na taj najstra\u0161niji zlo\u010din na podru\u010dju Opatije u Spomen parku Jama &#8220;I\u010di\u0107i&#8221;.<br \/>\nOve godine komemoracija \u0107e se odr\u017eati 24.4. (nedjelja) u 10,00 sati.<br \/>\nPozivamo vas na komemoraciju da na taj na\u010din odamo du\u017enu po\u010dast njima i svim \u017ertvama poginulima u II svjetskom ratu i Domovinskom ratu.<\/p>\n","protected":false},"excerpt":{"rendered":"<p>U osvit zavr\u0161etka II svjetskog rata 24.4.1945.godine mu\u010dki je ubijeno 37 civila u I\u010di\u0107ima i ba\u010deno u jamu. Svake godine na taj dan odr\u017eava se komemoracija na taj najstra\u0161niji zlo\u010din na podru\u010dju Opatije u Spomen parku Jama &#8220;I\u010di\u0107i&#8221;. Ove godine komemoracija \u0107e se odr\u017eati 24.4. (nedjelja) u 10,00 sati. Pozivamo vas na komemoraciju da na &hellip; <\/p>\n<p class=\"link-more\"><a href=\"http:\/\/www.uaba-opatija.hr\/index.php\/komemoracija-u-spomen-parku-jama-icici\/\" class=\"more-link\">Nastavi \u010ditati<span class=\"screen-reader-text\"> &#8220;Komemoracija u Spomen parku Jama &#8220;I\u010di\u0107i&#8221;&#8221;<\/span><\/a><\/p>\n","protected":false},"author":1,"featured_media":0,"comment_status":"closed","ping_status":"open","sticky":false,"template":"","format":"standard","meta":{"_monsterinsights_skip_tracking":false,"_monsterinsights_sitenote_active":false,"_monsterinsights_sitenote_note":"","_monsterinsights_sitenote_category":0,"footnotes":""},"categories":[4,3],"tags":[],"class_list":["post-493","post","type-post","status-publish","format-standard","hentry","category-aktivnosti-najave","category-novosti"],"_links":{"self":[{"href":"http:\/\/www.uaba-opatija.hr\/index.php\/wp-json\/wp\/v2\/posts\/493","targetHints":{"allow":["GET"]}}],"collection":[{"href":"http:\/\/www.uaba-opatija.hr\/index.php\/wp-json\/wp\/v2\/posts"}],"about":[{"href":"http:\/\/www.uaba-opatija.hr\/index.php\/wp-json\/wp\/v2\/types\/post"}],"author":[{"embeddable":true,"href":"http:\/\/www.uaba-opatija.hr\/index.php\/wp-json\/wp\/v2\/users\/1"}],"replies":[{"embeddable":true,"href":"http:\/\/www.uaba-opatija.hr\/index.php\/wp-json\/wp\/v2\/comments?post=493"}],"version-history":[{"count":1,"href":"http:\/\/www.uaba-opatija.hr\/index.php\/wp-json\/wp\/v2\/posts\/493\/revisions"}],"predecessor-version":[{"id":495,"href":"http:\/\/www.uaba-opatija.hr\/index.php\/wp-json\/wp\/v2\/posts\/493\/revisions\/495"}],"wp:attachment":[{"href":"http:\/\/www.uaba-opatija.hr\/index.php\/wp-json\/wp\/v2\/media?parent=493"}],"wp:term":[{"taxonomy":"category","embeddable":true,"href":"http:\/\/www.uaba-opatija.hr\/index.php\/wp-json\/wp\/v2\/categories?post=493"},{"taxonomy":"post_tag","embeddable":true,"href":"http:\/\/www.uaba-opatija.hr\/index.php\/wp-json\/wp\/v2\/tags?post=493"}],"curies":[{"name":"wp","href":"https:\/\/api.w.org\/{rel}","templated":true}]}}