{"id":518,"date":"2016-06-08T19:32:55","date_gmt":"2016-06-08T18:32:55","guid":{"rendered":"http:\/\/www.uaba-opatija.hr\/?p=518"},"modified":"2016-06-11T22:26:47","modified_gmt":"2016-06-11T21:26:47","slug":"u-posjetu-spomenicima-domovinskog-rata-lika-2016","status":"publish","type":"post","link":"http:\/\/www.uaba-opatija.hr\/index.php\/u-posjetu-spomenicima-domovinskog-rata-lika-2016\/","title":{"rendered":"U posjetu spomenicima Domovinskog rata &#8211; Lika 2016."},"content":{"rendered":"<p><span style=\"font-size: large;\">Na poziv Udruge dragovoljaca i veterana Domovinskog rata iz Opatije, delegacija UABA Grada Opatije predvo\u0111ena predsjednikom UABA Brunom Star\u010di\u0107 posjetila je mjesta stradanja na\u0161ih Opatijaca u toku Domovinskog rata.<\/span><\/p>\n<p><span style=\"font-size: large;\">Odana je po\u010dast polaganjem vijenaca i paljenjem svije\u0107a. Kratak pregled doga\u0111anja i sat povijesti na mjestima stradanja odr\u017eao je predsjednik Udruge dragovoljaca i veterana Domovinskog rata, Anto Josipovi\u0107.<\/span><\/p>\n<p><span style=\"font-size: large;\">Na sve\u010danosti su bili prisutni i u\u010denici Hotelijersko-turisti\u010dke \u0161kole iz Opatije, a stihove koje je posebno za tu priliku napisala pro\u010ditala je Marina \u010cesen.<\/span><\/p>\n<p><span style=\"font-size: large;\">Ve\u0107 tradicionalno,\u00a0\u00a0na\u0161a delegacija zajedni\u010dki obilazi mjesta stradavanja hrvatskih branitelja na poziv Udruge dragovoljaca i veterana Domovinskog rata u Liku.<\/span><\/p>\n<p>[FAG id=519]<\/p>\n","protected":false},"excerpt":{"rendered":"<p>Na poziv Udruge dragovoljaca i veterana Domovinskog rata iz Opatije, delegacija UABA Grada Opatije predvo\u0111ena predsjednikom UABA Brunom Star\u010di\u0107 posjetila je mjesta stradanja na\u0161ih Opatijaca u toku Domovinskog rata. Odana je po\u010dast polaganjem vijenaca i paljenjem svije\u0107a. Kratak pregled doga\u0111anja i sat povijesti na mjestima stradanja odr\u017eao je predsjednik Udruge dragovoljaca i veterana Domovinskog rata, &hellip; <\/p>\n<p class=\"link-more\"><a href=\"http:\/\/www.uaba-opatija.hr\/index.php\/u-posjetu-spomenicima-domovinskog-rata-lika-2016\/\" class=\"more-link\">Nastavi \u010ditati<span class=\"screen-reader-text\"> &#8220;U posjetu spomenicima Domovinskog rata &#8211; Lika 2016.&#8221;<\/span><\/a><\/p>\n","protected":false},"author":1,"featured_media":0,"comment_status":"closed","ping_status":"open","sticky":false,"template":"","format":"standard","meta":{"_monsterinsights_skip_tracking":false,"_monsterinsights_sitenote_active":false,"_monsterinsights_sitenote_note":"","_monsterinsights_sitenote_category":0,"footnotes":""},"categories":[9,8],"tags":[],"class_list":["post-518","post","type-post","status-publish","format-standard","hentry","category-galerija-foto","category-galerija"],"_links":{"self":[{"href":"http:\/\/www.uaba-opatija.hr\/index.php\/wp-json\/wp\/v2\/posts\/518","targetHints":{"allow":["GET"]}}],"collection":[{"href":"http:\/\/www.uaba-opatija.hr\/index.php\/wp-json\/wp\/v2\/posts"}],"about":[{"href":"http:\/\/www.uaba-opatija.hr\/index.php\/wp-json\/wp\/v2\/types\/post"}],"author":[{"embeddable":true,"href":"http:\/\/www.uaba-opatija.hr\/index.php\/wp-json\/wp\/v2\/users\/1"}],"replies":[{"embeddable":true,"href":"http:\/\/www.uaba-opatija.hr\/index.php\/wp-json\/wp\/v2\/comments?post=518"}],"version-history":[{"count":1,"href":"http:\/\/www.uaba-opatija.hr\/index.php\/wp-json\/wp\/v2\/posts\/518\/revisions"}],"predecessor-version":[{"id":520,"href":"http:\/\/www.uaba-opatija.hr\/index.php\/wp-json\/wp\/v2\/posts\/518\/revisions\/520"}],"wp:attachment":[{"href":"http:\/\/www.uaba-opatija.hr\/index.php\/wp-json\/wp\/v2\/media?parent=518"}],"wp:term":[{"taxonomy":"category","embeddable":true,"href":"http:\/\/www.uaba-opatija.hr\/index.php\/wp-json\/wp\/v2\/categories?post=518"},{"taxonomy":"post_tag","embeddable":true,"href":"http:\/\/www.uaba-opatija.hr\/index.php\/wp-json\/wp\/v2\/tags?post=518"}],"curies":[{"name":"wp","href":"https:\/\/api.w.org\/{rel}","templated":true}]}}