{"id":524,"date":"2016-06-10T08:44:00","date_gmt":"2016-06-10T07:44:00","guid":{"rendered":"http:\/\/www.uaba-opatija.hr\/?p=524"},"modified":"2016-06-11T22:26:46","modified_gmt":"2016-06-11T21:26:46","slug":"obiljezavanje-stradavanja-u-matic-poljani","status":"publish","type":"post","link":"http:\/\/www.uaba-opatija.hr\/index.php\/obiljezavanje-stradavanja-u-matic-poljani\/","title":{"rendered":"Obilje\u017eavanje stradavanja u Mati\u0107 Poljani"},"content":{"rendered":"<p><span style=\"font-size: large;\">U subotu 4.6.2016. u\u010denici Osnovne \u0161kole &#8220;R.K.Jeretov&#8221; iz Opatije sudjelovali su na 8 Ljetnom memorijalu mira na Mati\u0107 poljani u spomen na 26 smrznutih partizana koji se dogodio u no\u0107i 19\/20 velja\u010de 1944.g.<\/span><\/p>\n<p><span style=\"font-size: large;\">U toj kobnoj no\u0107i 26 partizana poginulo je u &#8220;bijeloj smrti&#8221;,stotine drugih su ostali s te\u017eim ili manjim posljedicama o\u0161tre me\u0107ave i zime,a im danas odajemo po\u010dast za \u017ertvu koju su prinijeli na oltar slobode.<\/span><\/p>\n<p><span style=\"font-size: large;\">Sve\u010dana komemoracija odr\u017eava se svake godine na taj datum 20.2. u Mrkoplju.<\/span><\/p>\n<p><span style=\"font-size: large;\">&#8220;Memorijal mira&#8221; se ve\u0107 godinama odr\u017eava u ovo vrijeme ba\u0161 zbog u\u010denika da na mjestu doga\u0111aja ,na Mati\u0107 poljani ,mogu poslu\u0161ati sat povijesti, susresti se s pre\u017eivjelim partizanima i nakon toga sudjelovati u sportskom takmi\u010denju- patrolno tr\u010danje koje je za njih organizirao doma\u0107in.<\/span><\/p>\n<p><span style=\"font-size: large;\">Na sve\u010danom otvaranju, prisutne je pozdravio na\u010delnik Op\u0107ine Mrkopalj Ivica Padavi\u0107, u ime PG\u017d Goran Petrc, predsjednik SABA PG\u017d Dinko Tamarut i pre\u017eivjeli borci. U\u010denici su polo\u017eili vijenac i zapalili svije\u0107e, a u\u010denici opatijske Osnovne \u0161kole su na svaki spomenik stavili crveni karanfil tako da su se zelenom dolinom Mati\u0107 poljane zacrvenili karanfili koji su o\u017eivjeli cijelu dolinu.<\/span><\/p>\n<p><span style=\"font-size: large;\">Ove godine u\u010denici su imali prilike upoznati i tri pre\u017eivjela borca Slavko Ple\u0161e,Franjo Jelu\u0161i\u0107 i Romano Grbac koji su odgovarali na njihova znati\u017eeljna pitanja.<\/span><\/p>\n<p><span style=\"font-size: large;\">Uz u\u010denike iz Opatije, ove godine do\u0161li su i u\u010denici Osnovnih \u0161kola iz Kostrene, Krka, Brod Moravica i Delnica.<\/span><\/p>\n<p><span style=\"font-size: large;\">Takmi\u010denje je proteklo u pravom sportskom takmi\u010denju a veselja, radosti i igre bilo je na pretek.<\/span><\/p>\n<p><span style=\"font-size: large;\">U\u010denici opatijske Osnovne \u0161kole pobjedili su u mu\u0161koj konkurenciji, a ekipa Opatija II osvojili su tre\u0107e mjesto a djevoj\u010dice su bile 2 u svojoj grupi.<\/span><\/p>\n<p><span style=\"font-size: large;\">Sretni, s puno osvojenih medalja i pehara krenuli smo prema Opatiji.<\/span><\/p>\n<p><span style=\"font-size: large;\">Malo iznena\u0111enje je bilo kada smo posjetili mali ZOO park u Delnicama gdje su u\u017eivali gledaju\u0107i srne.<\/span><\/p>\n<p><span style=\"font-size: large;\">Na mladim generacijama je zada\u0107a da se ne zaborave \u017ertve njihovih predaka za slobodu i da se ova humana i lijepa sportska manifestacija odr\u017eava i ubudu\u0107e kao spomen na ovaj doga\u0111aj.<\/span><\/p>\n<p><span style=\"font-size: large;\">U\u010denici su bili zadovoljni onim \u0161to su nau\u010dili i kako su proveli dan i vesele se ponovnom dolasku sljede\u0107e godine.<\/span><\/p>\n<p>[FAG id=525]<\/p>\n","protected":false},"excerpt":{"rendered":"<p>U subotu 4.6.2016. u\u010denici Osnovne \u0161kole &#8220;R.K.Jeretov&#8221; iz Opatije sudjelovali su na 8 Ljetnom memorijalu mira na Mati\u0107 poljani u spomen na 26 smrznutih partizana koji se dogodio u no\u0107i 19\/20 velja\u010de 1944.g. U toj kobnoj no\u0107i 26 partizana poginulo je u &#8220;bijeloj smrti&#8221;,stotine drugih su ostali s te\u017eim ili manjim posljedicama o\u0161tre me\u0107ave i &hellip; <\/p>\n<p class=\"link-more\"><a href=\"http:\/\/www.uaba-opatija.hr\/index.php\/obiljezavanje-stradavanja-u-matic-poljani\/\" class=\"more-link\">Nastavi \u010ditati<span class=\"screen-reader-text\"> &#8220;Obilje\u017eavanje stradavanja u Mati\u0107 Poljani&#8221;<\/span><\/a><\/p>\n","protected":false},"author":1,"featured_media":0,"comment_status":"closed","ping_status":"open","sticky":false,"template":"","format":"standard","meta":{"_monsterinsights_skip_tracking":false,"_monsterinsights_sitenote_active":false,"_monsterinsights_sitenote_note":"","_monsterinsights_sitenote_category":0,"footnotes":""},"categories":[9,8,3],"tags":[],"class_list":["post-524","post","type-post","status-publish","format-standard","hentry","category-galerija-foto","category-galerija","category-novosti"],"_links":{"self":[{"href":"http:\/\/www.uaba-opatija.hr\/index.php\/wp-json\/wp\/v2\/posts\/524","targetHints":{"allow":["GET"]}}],"collection":[{"href":"http:\/\/www.uaba-opatija.hr\/index.php\/wp-json\/wp\/v2\/posts"}],"about":[{"href":"http:\/\/www.uaba-opatija.hr\/index.php\/wp-json\/wp\/v2\/types\/post"}],"author":[{"embeddable":true,"href":"http:\/\/www.uaba-opatija.hr\/index.php\/wp-json\/wp\/v2\/users\/1"}],"replies":[{"embeddable":true,"href":"http:\/\/www.uaba-opatija.hr\/index.php\/wp-json\/wp\/v2\/comments?post=524"}],"version-history":[{"count":2,"href":"http:\/\/www.uaba-opatija.hr\/index.php\/wp-json\/wp\/v2\/posts\/524\/revisions"}],"predecessor-version":[{"id":527,"href":"http:\/\/www.uaba-opatija.hr\/index.php\/wp-json\/wp\/v2\/posts\/524\/revisions\/527"}],"wp:attachment":[{"href":"http:\/\/www.uaba-opatija.hr\/index.php\/wp-json\/wp\/v2\/media?parent=524"}],"wp:term":[{"taxonomy":"category","embeddable":true,"href":"http:\/\/www.uaba-opatija.hr\/index.php\/wp-json\/wp\/v2\/categories?post=524"},{"taxonomy":"post_tag","embeddable":true,"href":"http:\/\/www.uaba-opatija.hr\/index.php\/wp-json\/wp\/v2\/tags?post=524"}],"curies":[{"name":"wp","href":"https:\/\/api.w.org\/{rel}","templated":true}]}}