{"id":572,"date":"2017-05-01T22:26:00","date_gmt":"2017-05-01T21:26:00","guid":{"rendered":"http:\/\/www.uaba-opatija.hr\/?p=572"},"modified":"2017-05-02T06:26:16","modified_gmt":"2017-05-02T05:26:16","slug":"obiljezena-godisnjica-oslobodenja-opatije","status":"publish","type":"post","link":"http:\/\/www.uaba-opatija.hr\/index.php\/obiljezena-godisnjica-oslobodenja-opatije\/","title":{"rendered":"Obilje\u017eena godi\u0161njica oslobo\u0111enja Opatije"},"content":{"rendered":"<p class=\"western\"><span style=\"font-size: large;\"><img loading=\"lazy\" decoding=\"async\" class=\"alignleft \" src=\"https:\/\/c1.staticflickr.com\/5\/4185\/34399163435_62fcbc5635_b.jpg\" width=\"283\" height=\"212\" \/>U povodu obilje\u017eavanja <\/span><span style=\"font-size: large;\">72. godi\u0161njice oslobo\u0111enja Opatije<\/span><span style=\"font-size: large;\"> UABA Grada Opatije i Grad Opatija priredili su u <\/span><span style=\"font-size: large;\">Vili Angiolini<\/span><b> <\/b><span style=\"font-size: large;\"> sve\u010dano prisje\u0107anje na te ponosne dane na\u0161e pro\u0161losti. Bilo je prigodnih zastava, govora i filma. \u00a0Prikazan je\u00a0\u00a0 kratki dokumentarni film <\/span><span style=\"font-size: large;\"><i>Oslobo\u0111enje Opatije\u2026<\/i><\/span><span style=\"font-size: large;\"> (Olega Mandi\u0107a), a centralni doga\u0111aj je bio nastup <\/span><span style=\"font-size: large;\">Rajka Samueli Ka\u010di\u0107a<\/span><span style=\"font-size: large;\">, vojnog in\u017eenjera, biv\u0161eg predsjednika Hrvatskog \u010dasni\u010dkog zbora PG\u017d-a i uva\u017eenog vojno-povijesnog stru\u010dnjaka, koji se prigodnim predavanjem i uz pomo\u0107 raznovrsnih video prikaza osvrnuo se na povijesne dane na\u0161ega kraja od pred vi\u0161e od sedam desetlje\u0107a. Ka\u010di\u0107 je pri tome uspio nazo\u010dne \u201euvu\u0107i\u201c u ta davna ratna doga\u0111anja s kraja Drugog svjetskog rata od oslobo\u0111enja kvarnerskih otoka preko iskrcavanja 4. jugoslavenske armije u Brse\u010du i Mo\u0161\u0107eni\u010dkoj Dragi, pa sve do bitke za Opatiju. Posebnu su pa\u017enju izazvale snimke brodova iz tog vremena, a kori\u0161teni pri iskrcavanju. Zamjetno zadovoljna publika, njih pedesetak, je na kraju pozdravila <\/span><span style=\"font-size: large;\">predavanje<\/span><span style=\"font-size: large;\"> dugim odobravaju\u0107im pljeskom.<\/span><\/p>\n<p class=\"western\">[FAG id=573]<\/p>\n","protected":false},"excerpt":{"rendered":"<p>U povodu obilje\u017eavanja 72. godi\u0161njice oslobo\u0111enja Opatije UABA Grada Opatije i Grad Opatija priredili su u Vili Angiolini sve\u010dano prisje\u0107anje na te ponosne dane na\u0161e pro\u0161losti. Bilo je prigodnih zastava, govora i filma. \u00a0Prikazan je\u00a0\u00a0 kratki dokumentarni film Oslobo\u0111enje Opatije\u2026 (Olega Mandi\u0107a), a centralni doga\u0111aj je bio nastup Rajka Samueli Ka\u010di\u0107a, vojnog in\u017eenjera, biv\u0161eg predsjednika &hellip; <\/p>\n<p class=\"link-more\"><a href=\"http:\/\/www.uaba-opatija.hr\/index.php\/obiljezena-godisnjica-oslobodenja-opatije\/\" class=\"more-link\">Nastavi \u010ditati<span class=\"screen-reader-text\"> &#8220;Obilje\u017eena godi\u0161njica oslobo\u0111enja Opatije&#8221;<\/span><\/a><\/p>\n","protected":false},"author":1,"featured_media":0,"comment_status":"closed","ping_status":"open","sticky":false,"template":"","format":"standard","meta":{"_monsterinsights_skip_tracking":false,"_monsterinsights_sitenote_active":false,"_monsterinsights_sitenote_note":"","_monsterinsights_sitenote_category":0,"footnotes":""},"categories":[3],"tags":[],"class_list":["post-572","post","type-post","status-publish","format-standard","hentry","category-novosti"],"_links":{"self":[{"href":"http:\/\/www.uaba-opatija.hr\/index.php\/wp-json\/wp\/v2\/posts\/572","targetHints":{"allow":["GET"]}}],"collection":[{"href":"http:\/\/www.uaba-opatija.hr\/index.php\/wp-json\/wp\/v2\/posts"}],"about":[{"href":"http:\/\/www.uaba-opatija.hr\/index.php\/wp-json\/wp\/v2\/types\/post"}],"author":[{"embeddable":true,"href":"http:\/\/www.uaba-opatija.hr\/index.php\/wp-json\/wp\/v2\/users\/1"}],"replies":[{"embeddable":true,"href":"http:\/\/www.uaba-opatija.hr\/index.php\/wp-json\/wp\/v2\/comments?post=572"}],"version-history":[{"count":1,"href":"http:\/\/www.uaba-opatija.hr\/index.php\/wp-json\/wp\/v2\/posts\/572\/revisions"}],"predecessor-version":[{"id":574,"href":"http:\/\/www.uaba-opatija.hr\/index.php\/wp-json\/wp\/v2\/posts\/572\/revisions\/574"}],"wp:attachment":[{"href":"http:\/\/www.uaba-opatija.hr\/index.php\/wp-json\/wp\/v2\/media?parent=572"}],"wp:term":[{"taxonomy":"category","embeddable":true,"href":"http:\/\/www.uaba-opatija.hr\/index.php\/wp-json\/wp\/v2\/categories?post=572"},{"taxonomy":"post_tag","embeddable":true,"href":"http:\/\/www.uaba-opatija.hr\/index.php\/wp-json\/wp\/v2\/tags?post=572"}],"curies":[{"name":"wp","href":"https:\/\/api.w.org\/{rel}","templated":true}]}}