{"id":596,"date":"2017-09-10T23:34:22","date_gmt":"2017-09-10T22:34:22","guid":{"rendered":"http:\/\/www.uaba-opatija.hr\/?p=596"},"modified":"2017-09-21T23:34:39","modified_gmt":"2017-09-21T22:34:39","slug":"posjet-varazdinskih-antifasista","status":"publish","type":"post","link":"http:\/\/www.uaba-opatija.hr\/index.php\/posjet-varazdinskih-antifasista\/","title":{"rendered":"POSJET VARA\u017dDINSKIH ANTIFA\u0160ISTA"},"content":{"rendered":"<p><span style=\"font-size: large;\">Krajem osmog mjeseca je u posjeti Opatije bila grupa od tridesetak \u010dlanova Zajednice udruga antifa\u0161isti\u010dkih boraca i antifa\u0161ista Vara\u017edinske \u017eupanije na \u010delu sa predsjednikom Milivojem Dretarom. Doma\u0107in im je bila opatijska Udruga antifa\u0161ista. <\/span><\/p>\n<p><span style=\"font-size: large;\">Tijekom posjeta gosti iz Hrvatskog Zagorja polo\u017eili su vijenac na spomenik u Spomen parku Jama I\u010di\u0107i gdje su ih na turobni doga\u0111aj najve\u0107eg zlo\u010dina Drugog svjetskog rata u na\u0161em liburnijskom kraju upoznali Oleg Mandi\u0107 i Suzana Cvjetkovi\u0107.<\/span><\/p>\n<p><span style=\"font-size: large;\">Preostali dio dana protekao je u dru\u017eenju kao i posjetu Muzeja u Lipi.<\/span><\/p>\n<p>Nekoliko fotografija s obilaska pogledajte u nastavku&#8230;<\/p>\n<p>[FAG id=597]<\/p>\n","protected":false},"excerpt":{"rendered":"<p>Krajem osmog mjeseca je u posjeti Opatije bila grupa od tridesetak \u010dlanova Zajednice udruga antifa\u0161isti\u010dkih boraca i antifa\u0161ista Vara\u017edinske \u017eupanije na \u010delu sa predsjednikom Milivojem Dretarom. Doma\u0107in im je bila opatijska Udruga antifa\u0161ista. Tijekom posjeta gosti iz Hrvatskog Zagorja polo\u017eili su vijenac na spomenik u Spomen parku Jama I\u010di\u0107i gdje su ih na turobni doga\u0111aj &hellip; <\/p>\n<p class=\"link-more\"><a href=\"http:\/\/www.uaba-opatija.hr\/index.php\/posjet-varazdinskih-antifasista\/\" class=\"more-link\">Nastavi \u010ditati<span class=\"screen-reader-text\"> &#8220;POSJET VARA\u017dDINSKIH ANTIFA\u0160ISTA&#8221;<\/span><\/a><\/p>\n","protected":false},"author":1,"featured_media":0,"comment_status":"closed","ping_status":"open","sticky":false,"template":"","format":"standard","meta":{"_monsterinsights_skip_tracking":false,"_monsterinsights_sitenote_active":false,"_monsterinsights_sitenote_note":"","_monsterinsights_sitenote_category":0,"footnotes":""},"categories":[9,3],"tags":[],"class_list":["post-596","post","type-post","status-publish","format-standard","hentry","category-galerija-foto","category-novosti"],"_links":{"self":[{"href":"http:\/\/www.uaba-opatija.hr\/index.php\/wp-json\/wp\/v2\/posts\/596","targetHints":{"allow":["GET"]}}],"collection":[{"href":"http:\/\/www.uaba-opatija.hr\/index.php\/wp-json\/wp\/v2\/posts"}],"about":[{"href":"http:\/\/www.uaba-opatija.hr\/index.php\/wp-json\/wp\/v2\/types\/post"}],"author":[{"embeddable":true,"href":"http:\/\/www.uaba-opatija.hr\/index.php\/wp-json\/wp\/v2\/users\/1"}],"replies":[{"embeddable":true,"href":"http:\/\/www.uaba-opatija.hr\/index.php\/wp-json\/wp\/v2\/comments?post=596"}],"version-history":[{"count":1,"href":"http:\/\/www.uaba-opatija.hr\/index.php\/wp-json\/wp\/v2\/posts\/596\/revisions"}],"predecessor-version":[{"id":598,"href":"http:\/\/www.uaba-opatija.hr\/index.php\/wp-json\/wp\/v2\/posts\/596\/revisions\/598"}],"wp:attachment":[{"href":"http:\/\/www.uaba-opatija.hr\/index.php\/wp-json\/wp\/v2\/media?parent=596"}],"wp:term":[{"taxonomy":"category","embeddable":true,"href":"http:\/\/www.uaba-opatija.hr\/index.php\/wp-json\/wp\/v2\/categories?post=596"},{"taxonomy":"post_tag","embeddable":true,"href":"http:\/\/www.uaba-opatija.hr\/index.php\/wp-json\/wp\/v2\/tags?post=596"}],"curies":[{"name":"wp","href":"https:\/\/api.w.org\/{rel}","templated":true}]}}