{"id":609,"date":"2018-01-25T14:44:40","date_gmt":"2018-01-25T13:44:40","guid":{"rendered":"http:\/\/www.uaba-opatija.hr\/?p=609"},"modified":"2018-01-25T14:49:55","modified_gmt":"2018-01-25T13:49:55","slug":"memento-2018","status":"publish","type":"post","link":"http:\/\/www.uaba-opatija.hr\/index.php\/memento-2018\/","title":{"rendered":"MEMENTO 2018"},"content":{"rendered":"<p><img loading=\"lazy\" decoding=\"async\" class=\"alignleft size-medium\" src=\"https:\/\/farm5.staticflickr.com\/4665\/39891944041_14f5ed04b6_n.jpg\" width=\"226\" height=\"320\" \/>Pozivamo Vas da nam se pridru\u017eite u Vili Antonio (Nazorova 2) u petak, 26. sije\u010dnja 2018. godine u 12:30 sati na prezentaciji programa\u00a0povodom\u00a0Me\u0111unarodnog dana sje\u0107anja\u00a0na \u017ertve holokausta i sprje\u010davanja zlo\u010dina protiv \u010dovje\u010dnosti. U\u010denici Gimnazije Eugena Kumi\u010di\u0107a Opatija zajedno sa svojim mentoricama Sarom Meszaros, prof. i Ivanom \u010cerneha, prof. pripremili su audio-vizualni prikaz o zloglasnom\u00a0nacisti\u010dkom logoru Auschwitz.<\/p>\n<p>U\u010denici \u0107e\u00a0 progovarati monolo\u0161kom metodom iz perspektive Svetlane Volari\u0107, \u017ertve nacisti\u010dke ideologije koja sa\u00a016 godina biva odvedena u zatvor za nevine.<\/p>\n<p>Povodom obilje\u017eavanja ovoga Dana u Gimnaziji Eugena Kumi\u010di\u0107a bit \u0107e postavljena izlo\u017eba autorskih fotografija Nike Kurti.<\/p>\n<p><strong style=\"font-size: 1rem;\"><em>11. MEMENTO:\u00a0<\/em><\/strong><strong><em>U PAKLU SU ZVIJEZDE RAVNODU\u0160NO SJALE<\/em><\/strong><\/p>\n<p><em>Vila Antonio, 26.1.2018.<\/em><\/p>\n<p><em>12:30 \u2013 13:45 sati<\/em><\/p>\n<p><em>\u00a0<\/em><\/p>\n<p><em>Sudjeluju:<\/em><\/p>\n<p><em>Kristian Ton\u010di\u0107<\/em><\/p>\n<p><em>Nika Kurti<\/em><\/p>\n<p><em>Valentina Duki\u0107<\/em><\/p>\n<p><em>Sara Al- Wakil<\/em><\/p>\n<p><em>Francesa Ukovi\u0107<\/em><\/p>\n<p><em>Karla Ive\u0161i\u0107<\/em><\/p>\n<p><em>Aristella Kovi\u0107<\/em><\/p>\n<p><em>Petra Peloza<\/em><\/p>\n<p><em>\u00a0<\/em><\/p>\n<p><em>Mentorice:<\/em><\/p>\n<p><em>Ivana \u010cerneha, prof. i Sara Meszaros, prof<\/em><\/p>\n","protected":false},"excerpt":{"rendered":"<p>Pozivamo Vas da nam se pridru\u017eite u Vili Antonio (Nazorova 2) u petak, 26. sije\u010dnja 2018. godine u 12:30 sati na prezentaciji programa\u00a0povodom\u00a0Me\u0111unarodnog dana sje\u0107anja\u00a0na \u017ertve holokausta i sprje\u010davanja zlo\u010dina protiv \u010dovje\u010dnosti. U\u010denici Gimnazije Eugena Kumi\u010di\u0107a Opatija zajedno sa svojim mentoricama Sarom Meszaros, prof. i Ivanom \u010cerneha, prof. pripremili su audio-vizualni prikaz o zloglasnom\u00a0nacisti\u010dkom logoru &hellip; <\/p>\n<p class=\"link-more\"><a href=\"http:\/\/www.uaba-opatija.hr\/index.php\/memento-2018\/\" class=\"more-link\">Nastavi \u010ditati<span class=\"screen-reader-text\"> &#8220;MEMENTO 2018&#8221;<\/span><\/a><\/p>\n","protected":false},"author":1,"featured_media":0,"comment_status":"closed","ping_status":"open","sticky":false,"template":"","format":"standard","meta":{"_monsterinsights_skip_tracking":false,"_monsterinsights_sitenote_active":false,"_monsterinsights_sitenote_note":"","_monsterinsights_sitenote_category":0,"footnotes":""},"categories":[4],"tags":[],"class_list":["post-609","post","type-post","status-publish","format-standard","hentry","category-aktivnosti-najave"],"_links":{"self":[{"href":"http:\/\/www.uaba-opatija.hr\/index.php\/wp-json\/wp\/v2\/posts\/609","targetHints":{"allow":["GET"]}}],"collection":[{"href":"http:\/\/www.uaba-opatija.hr\/index.php\/wp-json\/wp\/v2\/posts"}],"about":[{"href":"http:\/\/www.uaba-opatija.hr\/index.php\/wp-json\/wp\/v2\/types\/post"}],"author":[{"embeddable":true,"href":"http:\/\/www.uaba-opatija.hr\/index.php\/wp-json\/wp\/v2\/users\/1"}],"replies":[{"embeddable":true,"href":"http:\/\/www.uaba-opatija.hr\/index.php\/wp-json\/wp\/v2\/comments?post=609"}],"version-history":[{"count":3,"href":"http:\/\/www.uaba-opatija.hr\/index.php\/wp-json\/wp\/v2\/posts\/609\/revisions"}],"predecessor-version":[{"id":612,"href":"http:\/\/www.uaba-opatija.hr\/index.php\/wp-json\/wp\/v2\/posts\/609\/revisions\/612"}],"wp:attachment":[{"href":"http:\/\/www.uaba-opatija.hr\/index.php\/wp-json\/wp\/v2\/media?parent=609"}],"wp:term":[{"taxonomy":"category","embeddable":true,"href":"http:\/\/www.uaba-opatija.hr\/index.php\/wp-json\/wp\/v2\/categories?post=609"},{"taxonomy":"post_tag","embeddable":true,"href":"http:\/\/www.uaba-opatija.hr\/index.php\/wp-json\/wp\/v2\/tags?post=609"}],"curies":[{"name":"wp","href":"https:\/\/api.w.org\/{rel}","templated":true}]}}