{"id":643,"date":"2019-08-29T09:46:17","date_gmt":"2019-08-29T08:46:17","guid":{"rendered":"http:\/\/www.uaba-opatija.hr\/?p=643"},"modified":"2019-08-29T09:46:17","modified_gmt":"2019-08-29T08:46:17","slug":"prezentacija-geneza-auschwitza","status":"publish","type":"post","link":"http:\/\/www.uaba-opatija.hr\/index.php\/prezentacija-geneza-auschwitza\/","title":{"rendered":"PREZENTACIJA \u201eGENEZA AUSCHWITZA\u201c"},"content":{"rendered":"\n<p>UDRUGA ANTIFA\u0160ISTA I ANTIFA\u0160ISTI\u010cKIH BORACA GRADA OPATIJE, SAVEZ ANTIFA\u0160ISTI\u010cKIH BORACA I ANTIFA\u0160ISTA PG\u017d I GRAD OPATIJA<\/p>\n\n\n\n<p>S osobitim zadovoljstvom pozivaju Vas na<\/p>\n\n\n\n<p>PREZENTACIJU: \u201eGENEZA AUSCHWITZA\u201c<\/p>\n\n\n\n<p>Prezentacija \u0107e se odr\u017eati u petak 6. rujna 2019. u 18:00 sati u Opatiji, Vila Antonio, Nazorova 2<\/p>\n\n\n\n<p>Veselimo se Va\u0161em dolasku!<\/p>\n\n\n\n<figure class=\"wp-block-embed-flickr wp-block-embed is-type-photo is-provider-flickr\"><div class=\"wp-block-embed__wrapper\">\n<a href=\"https:\/\/flic.kr\/p\/2h7cE9o\"><img loading=\"lazy\" decoding=\"async\" src=\"https:\/\/live.staticflickr.com\/65535\/48640574358_519a18b61d.jpg\" alt=\"geneza_au opt\" width=\"500\" height=\"330\" \/><\/a>\n<\/div><\/figure>\n","protected":false},"excerpt":{"rendered":"<p>UDRUGA ANTIFA\u0160ISTA I ANTIFA\u0160ISTI\u010cKIH BORACA GRADA OPATIJE, SAVEZ ANTIFA\u0160ISTI\u010cKIH BORACA I ANTIFA\u0160ISTA PG\u017d I GRAD OPATIJA S osobitim zadovoljstvom pozivaju Vas na PREZENTACIJU: \u201eGENEZA AUSCHWITZA\u201c Prezentacija \u0107e se odr\u017eati u petak 6. rujna 2019. u 18:00 sati u Opatiji, Vila Antonio, Nazorova 2 Veselimo se Va\u0161em dolasku!<\/p>\n","protected":false},"author":1,"featured_media":0,"comment_status":"closed","ping_status":"open","sticky":false,"template":"","format":"standard","meta":{"_monsterinsights_skip_tracking":false,"_monsterinsights_sitenote_active":false,"_monsterinsights_sitenote_note":"","_monsterinsights_sitenote_category":0,"footnotes":""},"categories":[3],"tags":[],"class_list":["post-643","post","type-post","status-publish","format-standard","hentry","category-novosti"],"_links":{"self":[{"href":"http:\/\/www.uaba-opatija.hr\/index.php\/wp-json\/wp\/v2\/posts\/643","targetHints":{"allow":["GET"]}}],"collection":[{"href":"http:\/\/www.uaba-opatija.hr\/index.php\/wp-json\/wp\/v2\/posts"}],"about":[{"href":"http:\/\/www.uaba-opatija.hr\/index.php\/wp-json\/wp\/v2\/types\/post"}],"author":[{"embeddable":true,"href":"http:\/\/www.uaba-opatija.hr\/index.php\/wp-json\/wp\/v2\/users\/1"}],"replies":[{"embeddable":true,"href":"http:\/\/www.uaba-opatija.hr\/index.php\/wp-json\/wp\/v2\/comments?post=643"}],"version-history":[{"count":1,"href":"http:\/\/www.uaba-opatija.hr\/index.php\/wp-json\/wp\/v2\/posts\/643\/revisions"}],"predecessor-version":[{"id":644,"href":"http:\/\/www.uaba-opatija.hr\/index.php\/wp-json\/wp\/v2\/posts\/643\/revisions\/644"}],"wp:attachment":[{"href":"http:\/\/www.uaba-opatija.hr\/index.php\/wp-json\/wp\/v2\/media?parent=643"}],"wp:term":[{"taxonomy":"category","embeddable":true,"href":"http:\/\/www.uaba-opatija.hr\/index.php\/wp-json\/wp\/v2\/categories?post=643"},{"taxonomy":"post_tag","embeddable":true,"href":"http:\/\/www.uaba-opatija.hr\/index.php\/wp-json\/wp\/v2\/tags?post=643"}],"curies":[{"name":"wp","href":"https:\/\/api.w.org\/{rel}","templated":true}]}}