{"id":677,"date":"2020-12-15T15:06:20","date_gmt":"2020-12-15T14:06:20","guid":{"rendered":"http:\/\/www.uaba-opatija.hr\/?p=677"},"modified":"2020-12-18T15:09:12","modified_gmt":"2020-12-18T14:09:12","slug":"posjet-djelicu-povijesti-opatijskog-zaleda","status":"publish","type":"post","link":"http:\/\/www.uaba-opatija.hr\/index.php\/posjet-djelicu-povijesti-opatijskog-zaleda\/","title":{"rendered":"Posjet djeli\u0107u povijesti opatijskog zale\u0111a"},"content":{"rendered":"\n<p>Pi\u0161e Oleg Mandi\u0107<\/p>\n\n\n\n<figure class=\"wp-block-embed-flickr alignright wp-block-embed is-type-photo is-provider-flickr\"><div class=\"wp-block-embed__wrapper\">\n<a href=\"https:\/\/flic.kr\/p\/2ki3eo9\"><img loading=\"lazy\" decoding=\"async\" src=\"https:\/\/live.staticflickr.com\/65535\/50732286808_acea7661ea_z.jpg\" alt=\"ljubomrak08\" width=\"500\" height=\"640\" \/><\/a>\n<\/div><\/figure>\n\n\n\n<p>Ljubo je bio mamin bratu\u010ded \u2013 sin mamine tete Erneste. Sje\u0107am ga se kad sam kao klinac sa mamom i\u0161ao u Mo\u0161\u0107enice (ili Dragu), pa bi ponekad i Ljubo bio u obiteljskom krugu. Ali rijetko: najprije je odsustvovao zbog studijskih obaveza, a kasnije zbog rodoljubnih.<br>Nakon kapitulacije Italije u Drugom svjetskom ratu rasplamsao se partizanski pokret u Istri. U prolje\u0107e 1944 Nijemci koji su bili zauzeli ove krajeve (Adriatische K\u00fcstenland) krenuli su sa ofenzivom tijekom koje je Ljubo, u \u0161umi na Lisini, pao u njihovu zasjedu i izgubio \u017eivot. U mojoj ga obitelji nismo stigli oplakati jer su nas neposredno nakon tih doga\u0111aja pokupili i odveli u Auschwitz.<\/p>\n\n\n\n<!--more-->\n\n\n\n<figure class=\"wp-block-pullquote alignright\"><blockquote><p>Mrakov\u010di\u0107 (Josipa) Ljubomir, ro\u0111en 10.07.1918. u Voloskom. Nastanjen u Mo\u0161\u0107eni\u010dkoj Dragi kbr. 64. Hrvat, student veterine u Zagrebu. Aktivist NOP-a od travnja 1941. Sekretar Kotarskog komiteta KPH Kras. Poginuo 28.04.1944. u \u201emajskoj ofenzivi\u201c na Lipovcu u Lisini.<\/p><\/blockquote><\/figure>\n\n\n\n<figure class=\"wp-block-embed-flickr alignleft wp-block-embed is-type-photo is-provider-flickr\"><div class=\"wp-block-embed__wrapper\">\n<a href=\"https:\/\/flic.kr\/p\/2ki3eou\"><img loading=\"lazy\" decoding=\"async\" src=\"https:\/\/live.staticflickr.com\/65535\/50732286828_2c9f0887ee.jpg\" alt=\"ljubomrak05\" width=\"500\" height=\"375\" \/><\/a>\n<\/div><\/figure>\n\n\n\n<p>1978. godine opatijska je Osnovna \u0161kola nosila Ljubino ime pa je mjesto njegove pogibije obilje\u017eila prigodnom spomen plo\u010dom. Mjesto se nalazi na nepristupa\u010dnom mjestu podno bre\u017euljka na samom Crnom vrhu, tako da je i dostupno samo planinarima i ciljanim namjernicima. Unato\u010d \u017eelji, nikada se nisam osmjelio tamo po\u0107i.<br>Nedavno sam saznao da su ovog ljeta planinari (Savo Uj\u010di\u0107) i \u010dlanovi na\u0161e udruge (Boris Rumac) uredili spomenik, obnovili slova na spomen plo\u010di i obilje\u017eili pristupnu stazu adekvatnom oznakom. Zamolio sam Borisa da me povede do doti\u010dnog povijesnog mjesta, koje je za mene imalo, neovisno o svjetonazorskoj jo\u0161 i obiteljsku komponentu. Zahvaljujem Borisu i Peri (Radi\u0107 koji nam se pridru\u017eio) na ju\u010dera\u0161njem pohodu. Bez njihove pomo\u0107i sigurno ne bih bio mogao savladati zadnjih 3-400 m strme neozna\u010dene i nepostoje\u0107e \u0161umske staze.<br>Iskoristiv\u0161i boravak u Lisinskoj \u0161umi, obi\u0161li smo i spomenik Antonu Premu\u017eu, koji je poginuo istoga dana kada i Mrakov\u010di\u0107.<\/p>\n\n\n\n<p><\/p>\n\n\n\n<figure class=\"wp-block-embed-flickr wp-block-embed is-type-rich is-provider-flickr\"><div class=\"wp-block-embed__wrapper\">\n<a data-flickr-embed='true' href='https:\/\/www.flickr.com\/photos\/101598051@N08\/albums\/72157717396308756' title='UABA - Ljubomir Mrakovcic by fotoluigi.opatija, on Flickr'><img src='https:\/\/live.staticflickr.com\/65535\/50733115972_2cd057b341.jpg' width='800' height='600' alt='ljubomrak02'><\/a><script async src='https:\/\/embedr.flickr.com\/assets\/client-code.js' charset='utf-8'><\/script>\n<\/div><\/figure>\n","protected":false},"excerpt":{"rendered":"<p>Pi\u0161e Oleg Mandi\u0107 Ljubo je bio mamin bratu\u010ded \u2013 sin mamine tete Erneste. Sje\u0107am ga se kad sam kao klinac sa mamom i\u0161ao u Mo\u0161\u0107enice (ili Dragu), pa bi ponekad i Ljubo bio u obiteljskom krugu. Ali rijetko: najprije je odsustvovao zbog studijskih obaveza, a kasnije zbog rodoljubnih.Nakon kapitulacije Italije u Drugom svjetskom ratu rasplamsao &hellip; <\/p>\n<p class=\"link-more\"><a href=\"http:\/\/www.uaba-opatija.hr\/index.php\/posjet-djelicu-povijesti-opatijskog-zaleda\/\" class=\"more-link\">Nastavi \u010ditati<span class=\"screen-reader-text\"> &#8220;Posjet djeli\u0107u povijesti opatijskog zale\u0111a&#8221;<\/span><\/a><\/p>\n","protected":false},"author":1,"featured_media":0,"comment_status":"closed","ping_status":"open","sticky":false,"template":"","format":"standard","meta":{"_monsterinsights_skip_tracking":false,"_monsterinsights_sitenote_active":false,"_monsterinsights_sitenote_note":"","_monsterinsights_sitenote_category":0,"footnotes":""},"categories":[3],"tags":[],"class_list":["post-677","post","type-post","status-publish","format-standard","hentry","category-novosti"],"_links":{"self":[{"href":"http:\/\/www.uaba-opatija.hr\/index.php\/wp-json\/wp\/v2\/posts\/677","targetHints":{"allow":["GET"]}}],"collection":[{"href":"http:\/\/www.uaba-opatija.hr\/index.php\/wp-json\/wp\/v2\/posts"}],"about":[{"href":"http:\/\/www.uaba-opatija.hr\/index.php\/wp-json\/wp\/v2\/types\/post"}],"author":[{"embeddable":true,"href":"http:\/\/www.uaba-opatija.hr\/index.php\/wp-json\/wp\/v2\/users\/1"}],"replies":[{"embeddable":true,"href":"http:\/\/www.uaba-opatija.hr\/index.php\/wp-json\/wp\/v2\/comments?post=677"}],"version-history":[{"count":3,"href":"http:\/\/www.uaba-opatija.hr\/index.php\/wp-json\/wp\/v2\/posts\/677\/revisions"}],"predecessor-version":[{"id":680,"href":"http:\/\/www.uaba-opatija.hr\/index.php\/wp-json\/wp\/v2\/posts\/677\/revisions\/680"}],"wp:attachment":[{"href":"http:\/\/www.uaba-opatija.hr\/index.php\/wp-json\/wp\/v2\/media?parent=677"}],"wp:term":[{"taxonomy":"category","embeddable":true,"href":"http:\/\/www.uaba-opatija.hr\/index.php\/wp-json\/wp\/v2\/categories?post=677"},{"taxonomy":"post_tag","embeddable":true,"href":"http:\/\/www.uaba-opatija.hr\/index.php\/wp-json\/wp\/v2\/tags?post=677"}],"curies":[{"name":"wp","href":"https:\/\/api.w.org\/{rel}","templated":true}]}}