{"id":683,"date":"2021-01-27T13:36:17","date_gmt":"2021-01-27T12:36:17","guid":{"rendered":"http:\/\/www.uaba-opatija.hr\/?p=683"},"modified":"2021-01-27T13:39:52","modified_gmt":"2021-01-27T12:39:52","slug":"memento-2021-u-online-izdanju","status":"publish","type":"post","link":"http:\/\/www.uaba-opatija.hr\/index.php\/memento-2021-u-online-izdanju\/","title":{"rendered":"MEMENTO 2021. u online izdanju"},"content":{"rendered":"\n<p>Memento,  Obilje\u017eavanje Me\u0111unarodnog dana sje\u0107anja na holokaust i sprje\u010davanja zlo\u010dina protiv \u010dovje\u010dnosti va\u017ena je karika u promicanju vrijednosti za koje se zala\u017ee na\u0161a Udruga. Zajedni\u010dki u doga\u0111aj u organizaciji UABA grada Opatije i Gimnazije Eugena Kumi\u010di\u0107a iz Opatije ove se godine odr\u017eava 14. puta.<\/p>\n\n\n\n<p>U skladu s uvjetima, ovogodi\u0161nji Memento \u0107e biti odr\u017ean online putem platforme Zoom. Predavanje zapo\u010dinje 27. sije\u010dnja u 18 sati, a podaci za uklju\u010diti se u prijenos su sljede\u0107i:<\/p>\n\n\n\n<p><a href=\"https:\/\/zoom.us\/j\/93533570603?pwd=NjZ2TlNtTUJab09MVzN3ZkxEUFJldz09\" target=\"_blank\" rel=\"noreferrer noopener\">https:\/\/zoom.us\/j\/93533570603?pwd=NjZ2TlNtTUJab09MVzN3ZkxEUFJldz09<\/a><br><\/p>\n\n\n\n<p>Meeting ID: 935 3357 0603       Passcode: eaVw8i<\/p>\n\n\n\n<p>Veselimo se (digitalnom) dru\u017eenju!<\/p>\n\n\n\n<figure class=\"wp-block-embed is-type-photo is-provider-flickr wp-block-embed-flickr\"><div class=\"wp-block-embed__wrapper\">\n<a href=\"https:\/\/flic.kr\/p\/2kw7DnL\"><img loading=\"lazy\" decoding=\"async\" src=\"https:\/\/live.staticflickr.com\/65535\/50880262418_afa1becd9b.jpg\" alt=\"uaba memento 2021\" width=\"500\" height=\"334\" \/><\/a>\n<\/div><\/figure>\n","protected":false},"excerpt":{"rendered":"<p>Memento, Obilje\u017eavanje Me\u0111unarodnog dana sje\u0107anja na holokaust i sprje\u010davanja zlo\u010dina protiv \u010dovje\u010dnosti va\u017ena je karika u promicanju vrijednosti za koje se zala\u017ee na\u0161a Udruga. Zajedni\u010dki u doga\u0111aj u organizaciji UABA grada Opatije i Gimnazije Eugena Kumi\u010di\u0107a iz Opatije ove se godine odr\u017eava 14. puta. U skladu s uvjetima, ovogodi\u0161nji Memento \u0107e biti odr\u017ean online putem &hellip; <\/p>\n<p class=\"link-more\"><a href=\"http:\/\/www.uaba-opatija.hr\/index.php\/memento-2021-u-online-izdanju\/\" class=\"more-link\">Nastavi \u010ditati<span class=\"screen-reader-text\"> &#8220;MEMENTO 2021. u online izdanju&#8221;<\/span><\/a><\/p>\n","protected":false},"author":1,"featured_media":0,"comment_status":"closed","ping_status":"open","sticky":false,"template":"","format":"standard","meta":{"_monsterinsights_skip_tracking":false,"_monsterinsights_sitenote_active":false,"_monsterinsights_sitenote_note":"","_monsterinsights_sitenote_category":0,"footnotes":""},"categories":[3],"tags":[],"class_list":["post-683","post","type-post","status-publish","format-standard","hentry","category-novosti"],"_links":{"self":[{"href":"http:\/\/www.uaba-opatija.hr\/index.php\/wp-json\/wp\/v2\/posts\/683","targetHints":{"allow":["GET"]}}],"collection":[{"href":"http:\/\/www.uaba-opatija.hr\/index.php\/wp-json\/wp\/v2\/posts"}],"about":[{"href":"http:\/\/www.uaba-opatija.hr\/index.php\/wp-json\/wp\/v2\/types\/post"}],"author":[{"embeddable":true,"href":"http:\/\/www.uaba-opatija.hr\/index.php\/wp-json\/wp\/v2\/users\/1"}],"replies":[{"embeddable":true,"href":"http:\/\/www.uaba-opatija.hr\/index.php\/wp-json\/wp\/v2\/comments?post=683"}],"version-history":[{"count":3,"href":"http:\/\/www.uaba-opatija.hr\/index.php\/wp-json\/wp\/v2\/posts\/683\/revisions"}],"predecessor-version":[{"id":687,"href":"http:\/\/www.uaba-opatija.hr\/index.php\/wp-json\/wp\/v2\/posts\/683\/revisions\/687"}],"wp:attachment":[{"href":"http:\/\/www.uaba-opatija.hr\/index.php\/wp-json\/wp\/v2\/media?parent=683"}],"wp:term":[{"taxonomy":"category","embeddable":true,"href":"http:\/\/www.uaba-opatija.hr\/index.php\/wp-json\/wp\/v2\/categories?post=683"},{"taxonomy":"post_tag","embeddable":true,"href":"http:\/\/www.uaba-opatija.hr\/index.php\/wp-json\/wp\/v2\/tags?post=683"}],"curies":[{"name":"wp","href":"https:\/\/api.w.org\/{rel}","templated":true}]}}