{"id":689,"date":"2021-02-25T09:31:48","date_gmt":"2021-02-25T08:31:48","guid":{"rendered":"http:\/\/www.uaba-opatija.hr\/?p=689"},"modified":"2021-02-25T09:34:43","modified_gmt":"2021-02-25T08:34:43","slug":"12-dani-antifasizma-u-opatiji","status":"publish","type":"post","link":"http:\/\/www.uaba-opatija.hr\/index.php\/12-dani-antifasizma-u-opatiji\/","title":{"rendered":"12. Dani antifa\u0161izma u Opatiji"},"content":{"rendered":"\n<p>S veseljem najavljujemo odr\u017eavanje 12. Dana antifa\u0161izma u Opatiji! Sukladno epidemiolo\u0161koj situaciji, sve programe \u0107e biti mogu\u0107e pratiti putem interneta.<\/p>\n\n\n\n<p>Kroz tri dana, od 3. &#8211; 5. o\u017eujka o\u010dekuje Vas zanimljiv i raznovrstan program. Kao i prethodnih godina, organizatori doga\u0111aja su UABA grada Opatije i Gimnazija Eugena Kumi\u010di\u0107a Opatija, a realizaciju su omogu\u0107ili Grad Opatija, Primorsko-goranska \u017eupanija i Ku\u0107a ljudskih prava Zagreb.<\/p>\n\n\n\n<p>Vi\u0161e detalja pro\u010ditajte uskoro na na\u0161oj web stranici i na FB doga\u0111aju <a href=\"https:\/\/fb.me\/e\/cK4ixXnxm\">ovdje<\/a>, a u nastavku pro\u010ditajte program.<\/p>\n\n\n\n<figure class=\"wp-block-embed aligncenter is-type-photo is-provider-flickr wp-block-embed-flickr\"><div class=\"wp-block-embed__wrapper\">\n<a href=\"https:\/\/flic.kr\/p\/2kENKod\"><img loading=\"lazy\" decoding=\"async\" src=\"https:\/\/live.staticflickr.com\/65535\/50978619076_a8c99994eb.jpg\" alt=\"12 DAF pozivnica\" width=\"500\" height=\"487\" \/><\/a>\n<\/div><\/figure>\n","protected":false},"excerpt":{"rendered":"<p>S veseljem najavljujemo odr\u017eavanje 12. Dana antifa\u0161izma u Opatiji! Sukladno epidemiolo\u0161koj situaciji, sve programe \u0107e biti mogu\u0107e pratiti putem interneta. Kroz tri dana, od 3. &#8211; 5. o\u017eujka o\u010dekuje Vas zanimljiv i raznovrstan program. Kao i prethodnih godina, organizatori doga\u0111aja su UABA grada Opatije i Gimnazija Eugena Kumi\u010di\u0107a Opatija, a realizaciju su omogu\u0107ili Grad Opatija, &hellip; <\/p>\n<p class=\"link-more\"><a href=\"http:\/\/www.uaba-opatija.hr\/index.php\/12-dani-antifasizma-u-opatiji\/\" class=\"more-link\">Nastavi \u010ditati<span class=\"screen-reader-text\"> &#8220;12. Dani antifa\u0161izma u Opatiji&#8221;<\/span><\/a><\/p>\n","protected":false},"author":1,"featured_media":0,"comment_status":"closed","ping_status":"open","sticky":false,"template":"","format":"standard","meta":{"_monsterinsights_skip_tracking":false,"_monsterinsights_sitenote_active":false,"_monsterinsights_sitenote_note":"","_monsterinsights_sitenote_category":0,"footnotes":""},"categories":[3],"tags":[],"class_list":["post-689","post","type-post","status-publish","format-standard","hentry","category-novosti"],"_links":{"self":[{"href":"http:\/\/www.uaba-opatija.hr\/index.php\/wp-json\/wp\/v2\/posts\/689","targetHints":{"allow":["GET"]}}],"collection":[{"href":"http:\/\/www.uaba-opatija.hr\/index.php\/wp-json\/wp\/v2\/posts"}],"about":[{"href":"http:\/\/www.uaba-opatija.hr\/index.php\/wp-json\/wp\/v2\/types\/post"}],"author":[{"embeddable":true,"href":"http:\/\/www.uaba-opatija.hr\/index.php\/wp-json\/wp\/v2\/users\/1"}],"replies":[{"embeddable":true,"href":"http:\/\/www.uaba-opatija.hr\/index.php\/wp-json\/wp\/v2\/comments?post=689"}],"version-history":[{"count":2,"href":"http:\/\/www.uaba-opatija.hr\/index.php\/wp-json\/wp\/v2\/posts\/689\/revisions"}],"predecessor-version":[{"id":692,"href":"http:\/\/www.uaba-opatija.hr\/index.php\/wp-json\/wp\/v2\/posts\/689\/revisions\/692"}],"wp:attachment":[{"href":"http:\/\/www.uaba-opatija.hr\/index.php\/wp-json\/wp\/v2\/media?parent=689"}],"wp:term":[{"taxonomy":"category","embeddable":true,"href":"http:\/\/www.uaba-opatija.hr\/index.php\/wp-json\/wp\/v2\/categories?post=689"},{"taxonomy":"post_tag","embeddable":true,"href":"http:\/\/www.uaba-opatija.hr\/index.php\/wp-json\/wp\/v2\/tags?post=689"}],"curies":[{"name":"wp","href":"https:\/\/api.w.org\/{rel}","templated":true}]}}