{"id":694,"date":"2021-04-01T09:01:00","date_gmt":"2021-04-01T08:01:00","guid":{"rendered":"http:\/\/www.uaba-opatija.hr\/?p=694"},"modified":"2021-04-02T09:08:17","modified_gmt":"2021-04-02T08:08:17","slug":"odrzani-12-dani-antifasizma-u-opatiji","status":"publish","type":"post","link":"http:\/\/www.uaba-opatija.hr\/index.php\/odrzani-12-dani-antifasizma-u-opatiji\/","title":{"rendered":"Odr\u017eani 12. Dani antifa\u0161izma u Opatiji"},"content":{"rendered":"\n<p>\u201eLjudska prava i pandemija\u201c bila je tema 12Dana antifa\u0161izma u Opatiji koji su se odr\u017eali od 3.-5. o\u017eujka u organizaciji UABA Grada Opatije i Gimnazije Eugen Kumi\u010di\u0107 Opatija. Ovu manifestaciju kao i prija\u0161njih godina podr\u017eava Grad Opatija i Primorsko-goranska \u017eupanija.<\/p>\n\n\n\n<p>Ove godine morali smo &nbsp;prilagoditi odr\u017eavanje epidemiolo\u0161kim mjerama zbog COVID-a 19 te se cjelokupni program mogao pratiti samo on line.<\/p>\n\n\n\n<p>Tradicionalno prvi dan je predvi\u0111en za ve\u010der filma. Bio je prikazan film Roberta Tomi\u0107a Zubera \u201ePitaj slobodno\u201c koji se i prije korona virusne pandemije bavio danas izuzetno aktualnim pitanjem cijepljenja. Film prati&nbsp; pojavu malih ospica u Dubrovniku 2018.godine kao i prijetnjom svinjske gripe u tom periodu. Razgovor s autorom filma vodila je Jelena Androi\u0107 on line.<\/p>\n\n\n\n<figure class=\"wp-block-embed is-type-video is-provider-youtube wp-block-embed-youtube wp-embed-aspect-16-9 wp-has-aspect-ratio\"><div class=\"wp-block-embed__wrapper\">\n<iframe loading=\"lazy\" title=\"12. Dani antifa\u0161izma u Opatiji - 1. dan\" width=\"525\" height=\"295\" src=\"https:\/\/www.youtube.com\/embed\/Uj2q7_iMcJw?feature=oembed\" frameborder=\"0\" allow=\"accelerometer; autoplay; clipboard-write; encrypted-media; gyroscope; picture-in-picture; web-share\" referrerpolicy=\"strict-origin-when-cross-origin\" allowfullscreen><\/iframe>\n<\/div><\/figure>\n\n\n\n<p>Drugi dan je predvi\u0111en za mlade, gdje oni uz pomo\u0107 svojih mentora rade na zadanoj temi i donose svoje zaklju\u010dke. Ove godine uz profesorice Saru Meszaro\u0161 i Ivanu \u010cerneha pripomogli su im i suradnici iz Ku\u0107e ljudskih prava iz Zagreba.<\/p>\n\n\n\n<figure class=\"wp-block-embed is-type-video is-provider-youtube wp-block-embed-youtube wp-embed-aspect-16-9 wp-has-aspect-ratio\"><div class=\"wp-block-embed__wrapper\">\nhttps:\/\/www.youtube.com\/watch?v=LHnNnK7olTw\n<\/div><\/figure>\n\n\n\n<p>Tre\u0107i dan je uvijek najzanimljiviji jer se zaokru\u017ei cjelokupna pri\u010da na zadanu temu te uz uva\u017eene goste, radove u\u010denika produbi razgovor i iznjedri vrijedna promi\u0161ljanja i zaklju\u010dke.<\/p>\n\n\n\n<p>Tribinu vodi Neven \u0160anti\u0107 a ove godine on line gosti su mu bili Emilia Mi\u0161\u0107eni\u0107, Robert Dori\u010di\u0107, Enes Kulenovi\u0107 i Iva Sorta Bilajac Turina.<\/p>\n\n\n\n<figure class=\"wp-block-embed is-type-video is-provider-youtube wp-block-embed-youtube wp-embed-aspect-16-9 wp-has-aspect-ratio\"><div class=\"wp-block-embed__wrapper\">\n<iframe loading=\"lazy\" title=\"12. Dani antifa\u0161izma u Opatiji - 3. dan\" width=\"525\" height=\"295\" src=\"https:\/\/www.youtube.com\/embed\/hTOU1MuVBFg?feature=oembed\" frameborder=\"0\" allow=\"accelerometer; autoplay; clipboard-write; encrypted-media; gyroscope; picture-in-picture; web-share\" referrerpolicy=\"strict-origin-when-cross-origin\" allowfullscreen><\/iframe>\n<\/div><\/figure>\n\n\n\n<p>Poslane su poruke kako \u0161irenje COVID-19 uzrokuje globalno ne samo zdravstvene probleme ve\u0107 i psiholo\u0161ke, dru\u0161tvene i politi\u010dke. Tribina je ponudila odgovore kako se djelotvorno suo\u010diti s ovim problemima kada su u pitanju pojedinci ali i cijele zajednice.<\/p>\n\n\n\n<p>Video zapise s 12. Dana antifa\u0161izma u Opatiji mo\u017eete pogledati i putem poveznica u nastavku:<\/p>\n\n\n\n<p>Dan 1: <a href=\"https:\/\/youtu.be\/Uj2q7_iMcJw\">https:\/\/youtu.be\/Uj2q7_iMcJw<\/a><br>Dan 2: <a href=\"https:\/\/youtu.be\/LHnNnK7olTw\">https:\/\/youtu.be\/LHnNnK7olTw<\/a><br>Dan 3: <a href=\"https:\/\/youtu.be\/hTOU1MuVBFg\">https:\/\/youtu.be\/hTOU1MuVBFg<\/a><\/p>\n","protected":false},"excerpt":{"rendered":"<p>\u201eLjudska prava i pandemija\u201c bila je tema 12Dana antifa\u0161izma u Opatiji koji su se odr\u017eali od 3.-5. o\u017eujka u organizaciji UABA Grada Opatije i Gimnazije Eugen Kumi\u010di\u0107 Opatija. Ovu manifestaciju kao i prija\u0161njih godina podr\u017eava Grad Opatija i Primorsko-goranska \u017eupanija. Ove godine morali smo &nbsp;prilagoditi odr\u017eavanje epidemiolo\u0161kim mjerama zbog COVID-a 19 te se cjelokupni program &hellip; <\/p>\n<p class=\"link-more\"><a href=\"http:\/\/www.uaba-opatija.hr\/index.php\/odrzani-12-dani-antifasizma-u-opatiji\/\" class=\"more-link\">Nastavi \u010ditati<span class=\"screen-reader-text\"> &#8220;Odr\u017eani 12. Dani antifa\u0161izma u Opatiji&#8221;<\/span><\/a><\/p>\n","protected":false},"author":1,"featured_media":0,"comment_status":"closed","ping_status":"open","sticky":false,"template":"","format":"standard","meta":{"_monsterinsights_skip_tracking":false,"_monsterinsights_sitenote_active":false,"_monsterinsights_sitenote_note":"","_monsterinsights_sitenote_category":0,"footnotes":""},"categories":[6,3],"tags":[],"class_list":["post-694","post","type-post","status-publish","format-standard","hentry","category-daf-novi","category-novosti"],"_links":{"self":[{"href":"http:\/\/www.uaba-opatija.hr\/index.php\/wp-json\/wp\/v2\/posts\/694","targetHints":{"allow":["GET"]}}],"collection":[{"href":"http:\/\/www.uaba-opatija.hr\/index.php\/wp-json\/wp\/v2\/posts"}],"about":[{"href":"http:\/\/www.uaba-opatija.hr\/index.php\/wp-json\/wp\/v2\/types\/post"}],"author":[{"embeddable":true,"href":"http:\/\/www.uaba-opatija.hr\/index.php\/wp-json\/wp\/v2\/users\/1"}],"replies":[{"embeddable":true,"href":"http:\/\/www.uaba-opatija.hr\/index.php\/wp-json\/wp\/v2\/comments?post=694"}],"version-history":[{"count":2,"href":"http:\/\/www.uaba-opatija.hr\/index.php\/wp-json\/wp\/v2\/posts\/694\/revisions"}],"predecessor-version":[{"id":696,"href":"http:\/\/www.uaba-opatija.hr\/index.php\/wp-json\/wp\/v2\/posts\/694\/revisions\/696"}],"wp:attachment":[{"href":"http:\/\/www.uaba-opatija.hr\/index.php\/wp-json\/wp\/v2\/media?parent=694"}],"wp:term":[{"taxonomy":"category","embeddable":true,"href":"http:\/\/www.uaba-opatija.hr\/index.php\/wp-json\/wp\/v2\/categories?post=694"},{"taxonomy":"post_tag","embeddable":true,"href":"http:\/\/www.uaba-opatija.hr\/index.php\/wp-json\/wp\/v2\/tags?post=694"}],"curies":[{"name":"wp","href":"https:\/\/api.w.org\/{rel}","templated":true}]}}