{"id":717,"date":"2023-02-28T23:27:38","date_gmt":"2023-02-28T22:27:38","guid":{"rendered":"http:\/\/www.uaba-opatija.hr\/?p=717"},"modified":"2023-02-28T23:27:38","modified_gmt":"2023-02-28T22:27:38","slug":"dani-antifasizma-u-opatiji-2023","status":"publish","type":"post","link":"http:\/\/www.uaba-opatija.hr\/index.php\/dani-antifasizma-u-opatiji-2023\/","title":{"rendered":"Dani antifa\u0161izma u Opatiji 2023"},"content":{"rendered":"\n<p>Tema ovogodi\u0161njih 14. Dana antifa\u0161izma u Opatiji (DAF) koji \u0107e se odr\u017eati od 1. do 3. o\u017eujka 2023. godine je \u201eRje\u0161avanje sukoba\u201c. DAF zajedni\u010dki tradicionalno organiziraju UABA Opatija i Gimnazija Eugena Kumi\u010di\u0107a Opatija uz podr\u0161ku Grada Opatije i Primorsko-goranske \u017eupanije.<br>Najjednostavnija i najsa\u017eetija definicija medijacije glasi da je to rje\u0161avanje sukoba koje se temelji na dijalogu, me\u0111usobnom uva\u017eavanju te razumijevanju stajali\u0161ta i interesa suprotstavljenih strana. Koliko u dana\u0161njem svijetu medijacija uspijeva te kakvi su joj rezultati polazna su pitanja zbog kojih je tema rje\u0161avanja sukoba izabrana za sredi\u0161nju temu ovogodi\u0161njeg DAF-a.<br>Prvog dana, 1. o\u017eujka, u Vili Antonio s po\u010detkom u 17 sati bit \u0107e prikazan dokumentarac poljskog redatelja Pawela Lozinskog \u201eTi nema\u0161 pojma koliko te volim\u201c. U filmu je fokus na psihoterapiji majke i k\u0107eri koje su u sukobu, a terapeut, koji je dakle medijator, ima izuzetno va\u017enu ulogu u pokretanju radnje. Zapravo, film na \u0161kolski na\u010din prikazuje kako izgleda medijacija izme\u0111u strana u konfliktu. Nakon filma slijedi rasprava o filmu u kojoj \u0107e sudjelovati Antonela Petkovi\u0107 iz Hrvatskog zavoda za socijalni rad Podru\u010dni ured Rijeka i moderatorica Jelena Androi\u0107.<br>Drugog dana, Dana za mlade (koji \u0107e se odr\u017eati 27. velja\u010de 2023. godine), od 15 do 19 sati u prostorijama Kulturnog doma Zora i Centra za inovacije u turizmu Hubbazia bit \u0107e organizirane radionice namijenjene u\u010denicima opatijskih srednjih \u0161kola. Radionica pod nazivom \u201eNenasilno rje\u0161avanje sukoba u \u0161koli\u201c uklju\u010duje upoznavanje pojave sukoba, unaprje\u0111ivanje komunikacijskih vje\u0161tina i vje\u017ebe medijacije, a provode ih medijatorice Suzana Fugaj i Du\u0161anka Pribi\u010devi\u0107 Gelb iz Hrvatske udruge za medijaciju (HUM). Moderatorice radionice su Ivana \u010cerneha i Sara Meszaros.<br>U \u010detvrtak, 2. o\u017eujka, s po\u010detkom u 17 sati u Vili Antonio organizirano je i savjetovanje o kvalitetnoj za\u0161titi i prezentaciji antifa\u0161isti\u010dke ba\u0161tine u organizaciji Documente \u2013 Centra za suo\u010davanje s pro\u0161lo\u0161\u0107u, UABA Opatije, SABA PG\u017d &#8211; a i Apoteke \u2013 Prostor za suvremenu umjetnost. Moderatori \u0107e biti Vesna Ter\u0161eli\u010d i Neven \u0160anti\u0107.<br>Tre\u0107eg, posljednjeg dana manifestacije, 3. o\u017eujka, u 17 sati u Vili Antonio odr\u017eat \u0107e se tribina pod nazivom \u201eRje\u0161avanje sukoba\u201c (Mogu li se pravni, dru\u0161tveni i politi\u010dki sukobi mirno razrije\u0161iti?). Prije po\u010detka tribine u\u010denici opatijskih srednjih \u0161kola predstavit \u0107e rezultate radionica o vr\u0161nja\u010dkoj medijaciji. Gosti tribine su odvjetnik i medijator Dalibor \u010cajkovski i izvanredni profesor na Fakultetu politi\u010dkih znanosti u Zagrebu Kre\u0161imir Petkovi\u0107 koji \u0107e propitati koliko je rje\u0161avanje sukoba mirnim putem danas korisno i u\u010dinkovito, \u0161to bi trebalo napraviti da to postane va\u017ena, ako ne i obavezna, metoda za odre\u0111ene vrste konflikata te tko su klju\u010dni akteri koji na to utje\u010du. Moderator tribine je Neven \u0160anti\u0107.<\/p>\n\n\n\n<figure class=\"wp-block-embed is-type-photo is-provider-flickr wp-block-embed-flickr\"><div class=\"wp-block-embed__wrapper\">\n<a href=\"https:\/\/flic.kr\/p\/2ojyTWB\"><img loading=\"lazy\" decoding=\"async\" src=\"https:\/\/live.staticflickr.com\/65535\/52718656683_affbe0df2c.jpg\" alt=\"daf2023_pozivnica\" width=\"500\" height=\"478\" \/><\/a>\n<\/div><\/figure>\n","protected":false},"excerpt":{"rendered":"<p>Tema ovogodi\u0161njih 14. Dana antifa\u0161izma u Opatiji (DAF) koji \u0107e se odr\u017eati od 1. do 3. o\u017eujka 2023. godine je \u201eRje\u0161avanje sukoba\u201c. DAF zajedni\u010dki tradicionalno organiziraju UABA Opatija i Gimnazija Eugena Kumi\u010di\u0107a Opatija uz podr\u0161ku Grada Opatije i Primorsko-goranske \u017eupanije.Najjednostavnija i najsa\u017eetija definicija medijacije glasi da je to rje\u0161avanje sukoba koje se temelji na dijalogu, &hellip; <\/p>\n<p class=\"link-more\"><a href=\"http:\/\/www.uaba-opatija.hr\/index.php\/dani-antifasizma-u-opatiji-2023\/\" class=\"more-link\">Nastavi \u010ditati<span class=\"screen-reader-text\"> &#8220;Dani antifa\u0161izma u Opatiji 2023&#8221;<\/span><\/a><\/p>\n","protected":false},"author":1,"featured_media":0,"comment_status":"closed","ping_status":"open","sticky":false,"template":"","format":"standard","meta":{"_monsterinsights_skip_tracking":false,"_monsterinsights_sitenote_active":false,"_monsterinsights_sitenote_note":"","_monsterinsights_sitenote_category":0,"footnotes":""},"categories":[3],"tags":[],"class_list":["post-717","post","type-post","status-publish","format-standard","hentry","category-novosti"],"_links":{"self":[{"href":"http:\/\/www.uaba-opatija.hr\/index.php\/wp-json\/wp\/v2\/posts\/717","targetHints":{"allow":["GET"]}}],"collection":[{"href":"http:\/\/www.uaba-opatija.hr\/index.php\/wp-json\/wp\/v2\/posts"}],"about":[{"href":"http:\/\/www.uaba-opatija.hr\/index.php\/wp-json\/wp\/v2\/types\/post"}],"author":[{"embeddable":true,"href":"http:\/\/www.uaba-opatija.hr\/index.php\/wp-json\/wp\/v2\/users\/1"}],"replies":[{"embeddable":true,"href":"http:\/\/www.uaba-opatija.hr\/index.php\/wp-json\/wp\/v2\/comments?post=717"}],"version-history":[{"count":1,"href":"http:\/\/www.uaba-opatija.hr\/index.php\/wp-json\/wp\/v2\/posts\/717\/revisions"}],"predecessor-version":[{"id":718,"href":"http:\/\/www.uaba-opatija.hr\/index.php\/wp-json\/wp\/v2\/posts\/717\/revisions\/718"}],"wp:attachment":[{"href":"http:\/\/www.uaba-opatija.hr\/index.php\/wp-json\/wp\/v2\/media?parent=717"}],"wp:term":[{"taxonomy":"category","embeddable":true,"href":"http:\/\/www.uaba-opatija.hr\/index.php\/wp-json\/wp\/v2\/categories?post=717"},{"taxonomy":"post_tag","embeddable":true,"href":"http:\/\/www.uaba-opatija.hr\/index.php\/wp-json\/wp\/v2\/tags?post=717"}],"curies":[{"name":"wp","href":"https:\/\/api.w.org\/{rel}","templated":true}]}}